{"id":47282,"date":"2019-01-19T19:11:11","date_gmt":"2019-01-19T19:11:11","guid":{"rendered":"https:\/\/colimdo.org\/?p=47282"},"modified":"2019-01-19T19:11:19","modified_gmt":"2019-01-19T19:11:19","slug":"cristiano-ronaldo-pacta-hacienda-xabi-alonso-va-juicio","status":"publish","type":"post","link":"https:\/\/colimdo.org\/noticias\/cristiano-ronaldo-pacta-hacienda-xabi-alonso-va-juicio\/","title":{"rendered":"Cristiano Ronaldo pacta con Hacienda y Xabi Alonso va a juicio"},"content":{"rendered":"<p>Cristiano Ronaldo y Xabi Alonso pasar\u00e1n la semana que viene por los tribunales para ventilar sus pleitos con Hacienda, que les demand\u00f3 por delito fiscal. El portugu\u00e9s ha\u00a0alcanzado un pacto por el que aceptar\u00e1 pagar un total de 18 millones de euros a Hacienda y una pena de 23 meses de c\u00e1rcel, condena que al no tener antedentes penales y ser inferior a dos a\u00f1os no acarrear\u00e1 su ingreso en prisi\u00f3n.<\/p>\n<p>En situaci\u00f3n contraria est\u00e1\u00a0Xabi Alonso, cuyo juicio se iniciar\u00e1 el martes. El tolosarra ha rechazado el pacto e ir\u00e1 a juicio contra la Agencia Tributaria (AEAT). La secci\u00f3n de Delitos Econ\u00f3micos de la Fiscal\u00eda Provincial de Madrid solicita cinco a\u00f1os de prisi\u00f3n para el exfutbolista vasco, al que acusa de defraudar dos millones de euros en los a\u00f1os 2010, 2011 y 2012 -cuando jugaba en el Real Madrid- por la explotaci\u00f3n de sus derechos de imagen mediante una sociedad ubicada en Madeira (Portugal).<\/p>\n<p>Cristiano ha seguido los pasos de otros jugadores que decidieron pactar con la AEAT. Marcelo, Radamel Falcao, Angel Di Maria y Javier Mascherano, entre otros, tambi\u00e9n incurrieron en delitos contra la Hacienda P\u00fablica y llegaron a acuerdos con la Fiscal\u00eda para reducir posibles penas. El \u00faltimo caso ha sido el de Coentrao, que el pasado mes de diciembre, solicit\u00f3 escuchar su pena por videoconferencia, una potestad a la que tambi\u00e9n podr\u00eda acogerse Cristiano y as\u00ed evitar su presencia f\u00edsica en la Audiencia, la semana que viene. El abogado del jugador, Jos\u00e9 Antonio Chocl\u00e1n, lo ha solicitado como el pasado diciembre tambi\u00e9n lo solicit\u00f3 para su otro representado, Coentrao.<\/p>\n<p>Todos los casos antes rese\u00f1ados se iniciaron con el anterior gobierno, cuando la cartera de Hacienda pertenec\u00eda a Montoro. Ahora, con el nuevo Gobierno, la Agencia Tributaria se plantea hacer p\u00fablico el criterio de sus sanciones para aumentar la transparencia del sistema.<\/p>\n","protected":false},"excerpt":{"rendered":"<p>Ambos futbolistas pasar\u00e1n la semana que viene por los tribunales para ventilar sus pleitos con Hacienda, que les demand\u00f3 por delito fiscal.<\/p>\n","protected":false},"author":13,"featured_media":47283,"comment_status":"closed","ping_status":"closed","sticky":false,"template":"","format":"standard","meta":[],"categories":[2],"tags":[],"acf":[],"_links":{"self":[{"href":"https:\/\/colimdo.org\/wp-api\/wp\/v2\/posts\/47282"}],"collection":[{"href":"https:\/\/colimdo.org\/wp-api\/wp\/v2\/posts"}],"about":[{"href":"https:\/\/colimdo.org\/wp-api\/wp\/v2\/types\/post"}],"author":[{"embeddable":true,"href":"https:\/\/colimdo.org\/wp-api\/wp\/v2\/users\/13"}],"replies":[{"embeddable":true,"href":"https:\/\/colimdo.org\/wp-api\/wp\/v2\/comments?post=47282"}],"version-history":[{"count":1,"href":"https:\/\/colimdo.org\/wp-api\/wp\/v2\/posts\/47282\/revisions"}],"predecessor-version":[{"id":47284,"href":"https:\/\/colimdo.org\/wp-api\/wp\/v2\/posts\/47282\/revisions\/47284"}],"wp:featuredmedia":[{"embeddable":true,"href":"https:\/\/colimdo.org\/wp-api\/wp\/v2\/media\/47283"}],"wp:attachment":[{"href":"https:\/\/colimdo.org\/wp-api\/wp\/v2\/media?parent=47282"}],"wp:term":[{"taxonomy":"category","embeddable":true,"href":"https:\/\/colimdo.org\/wp-api\/wp\/v2\/categories?post=47282"},{"taxonomy":"post_tag","embeddable":true,"href":"https:\/\/colimdo.org\/wp-api\/wp\/v2\/tags?post=47282"}],"curies":[{"name":"wp","href":"https:\/\/api.w.org\/{rel}","templated":true}]}}