{"id":47302,"date":"2019-01-20T10:37:46","date_gmt":"2019-01-20T10:37:46","guid":{"rendered":"https:\/\/colimdo.org\/?p=47302"},"modified":"2019-01-20T10:50:47","modified_gmt":"2019-01-20T10:50:47","slug":"pacquiao-derrota-broner-se-especula-revancha-floyd","status":"publish","type":"post","link":"https:\/\/colimdo.org\/noticias\/pacquiao-derrota-broner-se-especula-revancha-floyd\/","title":{"rendered":"Pacquiao derrota a Broner y reta a Mayweather para la revancha"},"content":{"rendered":"<p><strong>Las Vegas (EE.UU.). (EFE).-<\/strong> El p\u00fagil filipino Manny Pacquiao revalid\u00f3 su t\u00edtulo del peso welter, versi\u00f3n Asociaci\u00f3n Mundial de Boxeo (AMB), al vencer al estadounidense Adrien Broner por decisi\u00f3n un\u00e1nime y de inmediato ret\u00f3 a Floyd Mayweather Jr. para que regrese a los cuadril\u00e1teros y puedan enfrentarse en una pelea de revancha.<\/p>\n<p>De momento, Pacquiao, de 40 a\u00f1os, cumpli\u00f3 con la promesa de que todav\u00eda puede hacer cosas importantes sobre el cuadril\u00e1tero y lo demostr\u00f3 ante un rival al que no le dio ninguna opci\u00f3n de luchar por el t\u00edtulo.<\/p>\n<p>Aunque ya no tiene la fuerza abrumadora que pose\u00eda hace 10 a\u00f1os en cada pelea que protagonizaba, ante Broner, el campe\u00f3n del mundo en ocho categor\u00edas diferentes, hizo gala de un gran nivel de forma, excelente boxeo y poder en sus pu\u00f1os en la primera defensa del \u00faltimo t\u00edtulo que hab\u00eda conseguido.<\/p>\n<p>Adem\u00e1s, Pacquiao sigue teniendo un gran respaldo por parte de los aficionados ya que 13.025 acudieron al MGM Grand Garden Arena para presenciar la pelea frente a Broner.<\/p>\n<p>Fue e mismo escenario, donde Pacquiao hizo su debut en Estados Unidos hace 18 a\u00f1os, y de nuevo lo apoyaron tras comprobar que el campe\u00f3n filipino les obsequi\u00f3 con su mejor repertorio, de rapidez, pleno de habilidades y tambi\u00e9n de poder en sus pu\u00f1os, que pusieron varias veces a Broner, de 29 a\u00f1os, en apuros.<\/p>\n<p>Tambi\u00e9n los tres jueces del combate, pactado a 12 asaltos, vieron a Pacquiao como claro vencedor con unas cartulinas finales de 117-111, 116-112 y 116-112.<\/p>\n<p>Pacquiao, que el pasado julio gan\u00f3 el titulo del peso welter (AMB) por noc\u00e1ut -el primero en nueve a\u00f1os- en el s\u00e9ptimo asalto frente al argentino Lucas Matthysse, en Kuala Luumpur (Malasia), lo defendi\u00f3 por primera vez.<\/p>\n<p>La victoria frente a Matthysse le prepar\u00f3 el escenario para su regreso a los Estados Unidos por primera vez en 26 meses para enfrentarse a Broner que, como se esperaba fue el &#8220;calentamiento&#8221; para la &#8220;revancha&#8221; frente a Mayweather Jr..<\/p>\n<p>Ambos p\u00fagiles protagonizaron en el 2015 la pelea de unificaci\u00f3n del t\u00edtulo welter que gan\u00f3 con pol\u00e9mica Mayweather Jr. y que gener\u00f3 el mayor ingreso de dinero en la historia del boxeo con 600 millones de d\u00f3lares recaudados.<\/p>\n<p>Mayweather Jr., como uno de los promotores de la velada, estuvo en primera fila y, sin duda, mir\u00f3 detenidamente a Pacquiao al considerar la posibilidad de una revancha de la que \u00e9l y Pacquiao hablaron en Jap\u00f3n, el pasado septiembre, durante una reuni\u00f3n informal.<\/p>\n<p>Mayweather Jr. (50-0, 27 KOs), que cumple 42 a\u00f1os el pr\u00f3ximo mes, pudo ver que Pacquiao muestra su todav\u00eda considerable velocidad de pies y manos a lo largo de todo el combate.<\/p>\n<p>Pacquiao entr\u00f3 y sali\u00f3 agresivo sin dar respiro a Broner al que le conect\u00f3 m\u00faltiples golpes n\u00edtidos al cuerpo y a la cabeza del p\u00fagil estadounidense.<\/p>\n<p>&#8220;Me siento muy feliz porque hice mi mejor esfuerzo en la lucha y en el entrenamiento. Gracias a Dios por esta victoria&#8221;, declar\u00f3 Pacquiao.<\/p>\n<p>&#8220;Estoy muy feliz porque Dios me dio esta buena salud. A la edad de 40 a\u00f1os, todav\u00eda puedo dar lo mejor de m\u00ed&#8221;, asegur\u00f3.<\/p>\n<p>Pacquiao destac\u00f3 que podr\u00eda haber sido m\u00e1s agresivo, pero que desde la esquina le pidieron que dosificase fuerzas y sobre todo que no tuviese ning\u00fan descuido.<\/p>\n<p>Pacquiao, tambi\u00e9n senador en Filipinas, afirm\u00f3 que una lesi\u00f3n en el hombro derecho en la pelea con Mayweather Jr. lo merm\u00f3 y que por ello quer\u00eda otra oportunidad.<\/p>\n<p>&#8220;D\u00edgale que regrese al ring y que pelearemos. Estoy dispuesto a pelear con Floyd Mayweather de nuevo, si est\u00e1 dispuesto a volver al boxeo&#8221;, agreg\u00f3 el campe\u00f3n filipino.<\/p>\n","protected":false},"excerpt":{"rendered":"<p>El filipino gan\u00f3 por decisi\u00f3n un\u00e1nime y retuvo el t\u00edtulo welter de la AMB demostrando que la edad no es un impedimento con un boxeo \u00e1gil, r\u00e1pido y efectivo en todo momento. <\/p>\n","protected":false},"author":13,"featured_media":47303,"comment_status":"closed","ping_status":"closed","sticky":false,"template":"","format":"standard","meta":[],"categories":[2],"tags":[],"acf":[],"_links":{"self":[{"href":"https:\/\/colimdo.org\/wp-api\/wp\/v2\/posts\/47302"}],"collection":[{"href":"https:\/\/colimdo.org\/wp-api\/wp\/v2\/posts"}],"about":[{"href":"https:\/\/colimdo.org\/wp-api\/wp\/v2\/types\/post"}],"author":[{"embeddable":true,"href":"https:\/\/colimdo.org\/wp-api\/wp\/v2\/users\/13"}],"replies":[{"embeddable":true,"href":"https:\/\/colimdo.org\/wp-api\/wp\/v2\/comments?post=47302"}],"version-history":[{"count":4,"href":"https:\/\/colimdo.org\/wp-api\/wp\/v2\/posts\/47302\/revisions"}],"predecessor-version":[{"id":47307,"href":"https:\/\/colimdo.org\/wp-api\/wp\/v2\/posts\/47302\/revisions\/47307"}],"wp:featuredmedia":[{"embeddable":true,"href":"https:\/\/colimdo.org\/wp-api\/wp\/v2\/media\/47303"}],"wp:attachment":[{"href":"https:\/\/colimdo.org\/wp-api\/wp\/v2\/media?parent=47302"}],"wp:term":[{"taxonomy":"category","embeddable":true,"href":"https:\/\/colimdo.org\/wp-api\/wp\/v2\/categories?post=47302"},{"taxonomy":"post_tag","embeddable":true,"href":"https:\/\/colimdo.org\/wp-api\/wp\/v2\/tags?post=47302"}],"curies":[{"name":"wp","href":"https:\/\/api.w.org\/{rel}","templated":true}]}}