{"id":47314,"date":"2019-01-20T19:06:38","date_gmt":"2019-01-20T19:06:38","guid":{"rendered":"https:\/\/colimdo.org\/?p=47314"},"modified":"2019-01-20T19:07:16","modified_gmt":"2019-01-20T19:07:16","slug":"la-fiscalia-pide-cinco-anos-carcel-xabi-alonso-fraude","status":"publish","type":"post","link":"https:\/\/colimdo.org\/noticias\/la-fiscalia-pide-cinco-anos-carcel-xabi-alonso-fraude\/","title":{"rendered":"La Fiscal\u00eda pide cinco a\u00f1os de c\u00e1rcel para Xabi Alonso por fraude"},"content":{"rendered":"<p>La Secci\u00f3n de Delitos Econ\u00f3micos de la Fiscal\u00eda Provincial de Madrid solicita cinco a\u00f1os de prisi\u00f3n para el exfutbolista del Real Madrid\u00a0<a href=\"https:\/\/www.lainformacion.com\/tags\/xabi-alonso\/\">Xabi Alonso<\/a>\u00a0por la comisi\u00f3n de\u00a0<strong>tres delitos contra la Hacienda P\u00fablica\u00a0<\/strong>durante los ejercicios fiscales de 2010, 2011 y 2012. Seg\u00fan informa Servimedia, el juicio arranca este martes en la capital.<\/p>\n<p>El representante del Ministerio P\u00fablico reclama la misma pena para el asesor fiscal\u00a0<strong>Ivan Zald\u00faa Azcuenaga<\/strong>\u00a0y para el administrador de la sociedad\u00a0<strong>Kardazli Comercio Servi\u00e7os de Consultor\u00eda e Investimentos LDA<\/strong>, Ignasi Maestre Casanova. A cada uno de ellos, adem\u00e1s, les exige el pago de\u00a0<strong>una multa de 4 millones de euros\u00a0<\/strong>y en concepto de responsabilidad civil les pide el abono de forma conjunta y solidaria de 2.032.845 euros a la Agencia Tributaria. Esa cifra se corresponde con la cantidad total del perjuicio econ\u00f3mico que considera que se provoc\u00f3 a la Administraci\u00f3n Tributaria, m\u00e1s los intereses generados.<\/p>\n<p>El escrito de la Fiscal\u00eda -seg\u00fan a\u00f1ade Servimedia- se\u00f1ala que a mediados de 2009 los tres acusados se pusieron de acuerdo para\u00a0<strong>articular una &#8220;aparente&#8221; cesi\u00f3n de la explotaci\u00f3n de los derechos de imagen<\/strong>\u00a0del exfutbolista &#8220;con la intenci\u00f3n de que el mismo obtuviera un beneficio fiscal il\u00edcito&#8221;.<\/p>\n<p>As\u00ed, considera que el 9 de agosto de ese mismo a\u00f1o Alonso, asesorado de forma &#8220;efectiva&#8221; por Zald\u00faa, suscribi\u00f3 un contrato por el que\u00a0<strong>simulaba la cesi\u00f3n de la explotaci\u00f3n de sus derechos de imagen\u00a0<\/strong>a la sociedad Kardzali ubicada en Madeira y cuyo administrador era Maestre.<\/p>\n<p>Dicha mercantil, en la que Maestre ocupaba tambi\u00e9n desde el 16 de abril el cargo de gerente, pertenec\u00eda a una\u00a0<strong>sociedad residente en Panam\u00e1<\/strong>\u00a0de la que Alonso era el titular del cien por cien de las participaciones sociales desde el 16 de diciembre de 2009.<\/p>\n<p>Para la Fiscal\u00eda, la &#8220;aparente&#8221; cesi\u00f3n de los derechos de imagen se realiz\u00f3 cuando el exfutbolista gozaba de su\u00a0<strong>condici\u00f3n de &#8220;no residente&#8221; en Espa\u00f1a<\/strong>, &#8220;si bien mantuvo dicha estructura formal&#8221; durante los a\u00f1os siguientes y, &#8220;al menos hasta 2012&#8221;, teniendo durante ese tiempo la condici\u00f3n de residente fiscal espa\u00f1ol.<\/p>\n<p>Entre 2009 y 2012 Alonso, seg\u00fan la Fiscal\u00eda, explot\u00f3 su imagen a distintas empresas que le contrataban con la ayuda de los otros dos acusados sin\u00a0<strong>hacer &#8220;uso real&#8221; de la sociedad que se encontraba en Madeira<\/strong>\u00a0&#8220;convirtiendo dicha entidad en un mero instrumento formal de ingresos y pagos que no desarroll\u00f3 funci\u00f3n alguna en la explotaci\u00f3n de la imagen del acusado&#8221;.<\/p>\n<p>De este modo, Kardazli Comercio Servi\u00e7os de Consultor\u00eda e Investimentos LDA. percibi\u00f3 entre los ejercicios 2010-2012 un rendimiento de actividades econ\u00f3micas &#8220;aparentemente&#8221; derivado de la explotaci\u00f3n de los derechos de imagen de Alonso de<strong>2.083.400 euros que debieron integrarse en la base imponible del IRPF\u00a0<\/strong>de los ejercicios correspondientes.<\/p>\n","protected":false},"excerpt":{"rendered":"<p>La Secci\u00f3n de Delitos Econ\u00f3micos de la Fiscal\u00eda Provincial de Madrid solicita cinco a\u00f1os de prisi\u00f3n para el exfutbolista del Real Madrid .<\/p>\n","protected":false},"author":13,"featured_media":47315,"comment_status":"closed","ping_status":"closed","sticky":false,"template":"","format":"standard","meta":[],"categories":[2],"tags":[],"acf":[],"_links":{"self":[{"href":"https:\/\/colimdo.org\/wp-api\/wp\/v2\/posts\/47314"}],"collection":[{"href":"https:\/\/colimdo.org\/wp-api\/wp\/v2\/posts"}],"about":[{"href":"https:\/\/colimdo.org\/wp-api\/wp\/v2\/types\/post"}],"author":[{"embeddable":true,"href":"https:\/\/colimdo.org\/wp-api\/wp\/v2\/users\/13"}],"replies":[{"embeddable":true,"href":"https:\/\/colimdo.org\/wp-api\/wp\/v2\/comments?post=47314"}],"version-history":[{"count":1,"href":"https:\/\/colimdo.org\/wp-api\/wp\/v2\/posts\/47314\/revisions"}],"predecessor-version":[{"id":47316,"href":"https:\/\/colimdo.org\/wp-api\/wp\/v2\/posts\/47314\/revisions\/47316"}],"wp:featuredmedia":[{"embeddable":true,"href":"https:\/\/colimdo.org\/wp-api\/wp\/v2\/media\/47315"}],"wp:attachment":[{"href":"https:\/\/colimdo.org\/wp-api\/wp\/v2\/media?parent=47314"}],"wp:term":[{"taxonomy":"category","embeddable":true,"href":"https:\/\/colimdo.org\/wp-api\/wp\/v2\/categories?post=47314"},{"taxonomy":"post_tag","embeddable":true,"href":"https:\/\/colimdo.org\/wp-api\/wp\/v2\/tags?post=47314"}],"curies":[{"name":"wp","href":"https:\/\/api.w.org\/{rel}","templated":true}]}}