{"id":47391,"date":"2019-01-22T06:54:51","date_gmt":"2019-01-22T06:54:51","guid":{"rendered":"https:\/\/colimdo.org\/?p=47391"},"modified":"2019-01-22T06:54:51","modified_gmt":"2019-01-22T06:54:51","slug":"diaz-presidira-co-clasificatorio-taekwondo-lima-2019","status":"publish","type":"post","link":"https:\/\/colimdo.org\/noticias\/diaz-presidira-co-clasificatorio-taekwondo-lima-2019\/","title":{"rendered":"D\u00edaz presidir\u00e1 CO Clasificatorio de Taekwondo para Lima 2019"},"content":{"rendered":"<p class=\"x_MsoNormal\">El ministro de Deportes, licenciado Danilo D\u00edaz, presidir\u00e1 el Comit\u00e9 Organizador del Clasificatorio de Taekwondo para los Juegos Panamericanos de Lima, Per\u00fa, a celebrarse en la Rep\u00fablica Dominicana durante los d\u00edas del 7 al 10 de marzo pr\u00f3ximo.<\/p>\n<p class=\"x_MsoNormal\">El anuncio fue hecho por el presidente de la Federaci\u00f3n Dominicana de Taekwondo, ingeniero Francisco Camacho, quien resalt\u00f3 que la magnitud del citado evento no solo implica un compromiso del deporte nacional, sino de la Rep\u00fablica Dominicana como naci\u00f3n.<\/p>\n<p class=\"x_MsoNormal\">\u201cSe trata del \u00fanico clasificatorio de taekwondo en ruta a Lima 2019, lo que significa que para poder avanzar \u00a0a los Juegos Panamericanos es obligatorio participar en el Panamericano a celebrarse en nuestro pa\u00eds en marzo pr\u00f3ximo\u201d, a\u00f1adi\u00f3 Camacho.<\/p>\n<p class=\"x_MsoNormal\">Sostuvo que de ah\u00ed es que celebra la decisi\u00f3n del ministro de Deportes, Danilo D\u00edaz, de corresponder a la petici\u00f3n que se le hiciera para presidir el Comit\u00e9 Organizador.<\/p>\n<p class=\"x_MsoNormal\">\u201cRep\u00fablica Dominicana acoger\u00e1 a los mejores taewkeondo\u00edstas de Estados Unidos, Canad\u00e1, Brasil, Argentina, Puerto Rico, M\u00e9xico, Venezuela, Ecuador, Cuba, Chile, etc.,\u201d, a\u00f1adi\u00f3 Camacho.<\/p>\n<p class=\"x_MsoNormal\">Resalt\u00f3 que son los competidores de toda Am\u00e9rica que deber\u00e1n hacerse presente en el clasificatorio, con la excepci\u00f3n de Per\u00fa, por la ser la sede de los Juegos Panamericanos.<\/p>\n<p class=\"x_MsoNormal\">\u201cDe hecho, se ha estado avanzando en el trabajo, el entusiasmo es enorme y muchos los pa\u00edses que ya est\u00e1n inscribiendo a sus atletas\u201d, dijo el principal dirigente del taekwondo nacional.<\/p>\n<p class=\"x_MsoNormal\">Tambi\u00e9n un abierto<\/p>\n<p class=\"x_MsoNormal\">En el marco del clasificatorio, la Rep\u00fablica Dominicana tambi\u00e9n celebrar\u00e1 un abierto de taekwondo, para el cual vendr\u00e1n atletas de toda parte del mundo.<\/p>\n<p class=\"x_MsoNormal\">\u201cDurante los d\u00edas del 7 al 10 de marzo pr\u00f3ximo podr\u00edamos decir que la Rep\u00fablica Dominicana se convertir\u00e1 en la capital del taekwondo continental y mundial\u201d, sostuvo Camacho, quien destac\u00f3 que para la ocasi\u00f3n visitar\u00e1n al pa\u00eds los l\u00edderes internacionales de este deporte.<\/p>\n<p class=\"x_MsoNormal\">Explic\u00f3, adem\u00e1s, que los competidores dominicanos tambi\u00e9n avanzan en su preparaci\u00f3n en procura de asegurar la mayor cantidad de plazas posibles.<\/p>\n<p class=\"x_MsoNormal\">Agreg\u00f3 que las competencias se celebrar\u00e1n en el Palacio de Voleibol y el Pabell\u00f3n de Combates del Centro Ol\u00edmpico Juan Pablo Duarte.<\/p>\n","protected":false},"excerpt":{"rendered":"<p>El ministro de Deportes, licenciado Danilo D\u00edaz, presidir\u00e1 el Comit\u00e9 Organizador del Clasificatorio de Taekwondo para los Juegos Panamericanos de Lima, Per\u00fa, a celebrarse en la Rep\u00fablica Dominicana durante los d\u00edas del 7 al 10 de marzo pr\u00f3ximo. El anuncio fue hecho por el presidente de la Federaci\u00f3n Dominicana de Taekwondo, ingeniero Francisco Camacho, quien [&hellip;]<\/p>\n","protected":false},"author":9,"featured_media":47392,"comment_status":"closed","ping_status":"closed","sticky":false,"template":"","format":"standard","meta":[],"categories":[2,60],"tags":[],"acf":[],"_links":{"self":[{"href":"https:\/\/colimdo.org\/wp-api\/wp\/v2\/posts\/47391"}],"collection":[{"href":"https:\/\/colimdo.org\/wp-api\/wp\/v2\/posts"}],"about":[{"href":"https:\/\/colimdo.org\/wp-api\/wp\/v2\/types\/post"}],"author":[{"embeddable":true,"href":"https:\/\/colimdo.org\/wp-api\/wp\/v2\/users\/9"}],"replies":[{"embeddable":true,"href":"https:\/\/colimdo.org\/wp-api\/wp\/v2\/comments?post=47391"}],"version-history":[{"count":1,"href":"https:\/\/colimdo.org\/wp-api\/wp\/v2\/posts\/47391\/revisions"}],"predecessor-version":[{"id":47393,"href":"https:\/\/colimdo.org\/wp-api\/wp\/v2\/posts\/47391\/revisions\/47393"}],"wp:featuredmedia":[{"embeddable":true,"href":"https:\/\/colimdo.org\/wp-api\/wp\/v2\/media\/47392"}],"wp:attachment":[{"href":"https:\/\/colimdo.org\/wp-api\/wp\/v2\/media?parent=47391"}],"wp:term":[{"taxonomy":"category","embeddable":true,"href":"https:\/\/colimdo.org\/wp-api\/wp\/v2\/categories?post=47391"},{"taxonomy":"post_tag","embeddable":true,"href":"https:\/\/colimdo.org\/wp-api\/wp\/v2\/tags?post=47391"}],"curies":[{"name":"wp","href":"https:\/\/api.w.org\/{rel}","templated":true}]}}