{"id":47394,"date":"2019-01-22T06:57:52","date_gmt":"2019-01-22T06:57:52","guid":{"rendered":"https:\/\/colimdo.org\/?p=47394"},"modified":"2019-01-22T06:57:52","modified_gmt":"2019-01-22T06:57:52","slug":"marrero-llegara-este-martes-ny-pelea-titulo-mundial","status":"publish","type":"post","link":"https:\/\/colimdo.org\/noticias\/marrero-llegara-este-martes-ny-pelea-titulo-mundial\/","title":{"rendered":"Marrero llegar\u00e1 este martes a NY para su pelea de t\u00edtulo mundial"},"content":{"rendered":"<p class=\"x_MsoNormal\">El dominicano Claudio Marrero llegar\u00e1 en la ma\u00f1ana de este martes a Brooklyn, Nueva York, para su combate por el t\u00edtulo pluma de la Organizaci\u00f3n Internacional de Boxeo\u00a0 contra el mongol\u00a0\u00a0\u00a0Tugstorg Nyambayar, a celebrarse el pr\u00f3ximo s\u00e1bado en el Barclays Center.<\/p>\n<p class=\"x_MsoNormal\">Marrero \u00a0tiene cerca de dos meses en Orlando, Florida, cumpliendo con un intenso programa de entrenamientos bajo las orientaciones del reconocido t\u00e9cnico puertorrique\u00f1o Nelson Rodr\u00edguez.<\/p>\n<p class=\"x_MsoNormal\">El dominicano agotar\u00e1 un programa de actividades previo a su esperada pelea titular, que incluye participar en entrenamientos p\u00fablicos para los medios de comunicaci\u00f3n, as\u00ed como en la rueda de prensa de la organizaci\u00f3n y la ceremonia del pesaje.<\/p>\n<p class=\"x_MsoNormal\">\u201cMe estoy alistando para viajar a Nueva York, ya estamos listo para la pelea\u201d, a\u00f1adi\u00f3 Marrero poco despu\u00e9s de abandonar a Orlando.<\/p>\n<p class=\"x_MsoNormal\">Marrero fue campe\u00f3n mundial pluma de la Asociaci\u00f3n Mundial de Boxeo y actualmente presenta foja de 23 victorias con 17 nocauts y solo dos derrotas.<\/p>\n<p class=\"x_MsoNormal\">Tendr\u00e1 de frente al peligroso boxeador Tugstorg Nyambayar, quien est\u00e1 invicto, con 10-0 y nueve nocauts, adem\u00e1s de haber sido medallista de plata en los Juegos Ol\u00edmpicos de Londres 2012.<\/p>\n<p class=\"x_MsoNormal\">El combate entre Marrero y Nyambayar abrir\u00e1 la transmisi\u00f3n de televisi\u00f3n por parte de la cadena Fox.<\/p>\n<p class=\"x_MsoNormal\">Expertos del boxeo internacional han comentado que este combate podr\u00eda robarle el \u201cshow\u201d a la estelar, que ser\u00e1 protagonizada por Keth Thurman y Joselito L\u00f3pez por el t\u00edtulo mundial s\u00faperwelter, en poder del primero.<\/p>\n","protected":false},"excerpt":{"rendered":"<p>El dominicano Claudio Marrero llegar\u00e1 en la ma\u00f1ana de este martes a Brooklyn, Nueva York, para su combate por el t\u00edtulo pluma de la Organizaci\u00f3n Internacional de Boxeo\u00a0 contra el mongol\u00a0\u00a0\u00a0Tugstorg Nyambayar, a celebrarse el pr\u00f3ximo s\u00e1bado en el Barclays Center. Marrero \u00a0tiene cerca de dos meses en Orlando, Florida, cumpliendo con un intenso programa [&hellip;]<\/p>\n","protected":false},"author":9,"featured_media":47395,"comment_status":"closed","ping_status":"closed","sticky":false,"template":"","format":"standard","meta":[],"categories":[2],"tags":[],"acf":[],"_links":{"self":[{"href":"https:\/\/colimdo.org\/wp-api\/wp\/v2\/posts\/47394"}],"collection":[{"href":"https:\/\/colimdo.org\/wp-api\/wp\/v2\/posts"}],"about":[{"href":"https:\/\/colimdo.org\/wp-api\/wp\/v2\/types\/post"}],"author":[{"embeddable":true,"href":"https:\/\/colimdo.org\/wp-api\/wp\/v2\/users\/9"}],"replies":[{"embeddable":true,"href":"https:\/\/colimdo.org\/wp-api\/wp\/v2\/comments?post=47394"}],"version-history":[{"count":1,"href":"https:\/\/colimdo.org\/wp-api\/wp\/v2\/posts\/47394\/revisions"}],"predecessor-version":[{"id":47396,"href":"https:\/\/colimdo.org\/wp-api\/wp\/v2\/posts\/47394\/revisions\/47396"}],"wp:featuredmedia":[{"embeddable":true,"href":"https:\/\/colimdo.org\/wp-api\/wp\/v2\/media\/47395"}],"wp:attachment":[{"href":"https:\/\/colimdo.org\/wp-api\/wp\/v2\/media?parent=47394"}],"wp:term":[{"taxonomy":"category","embeddable":true,"href":"https:\/\/colimdo.org\/wp-api\/wp\/v2\/categories?post=47394"},{"taxonomy":"post_tag","embeddable":true,"href":"https:\/\/colimdo.org\/wp-api\/wp\/v2\/tags?post=47394"}],"curies":[{"name":"wp","href":"https:\/\/api.w.org\/{rel}","templated":true}]}}