{"id":47401,"date":"2019-01-22T14:39:39","date_gmt":"2019-01-22T14:39:39","guid":{"rendered":"https:\/\/colimdo.org\/?p=47401"},"modified":"2019-01-22T14:39:39","modified_gmt":"2019-01-22T14:39:39","slug":"cristiano-condenado-23-meses-carcel-una-multa-188-millones-euros","status":"publish","type":"post","link":"https:\/\/colimdo.org\/noticias\/cristiano-condenado-23-meses-carcel-una-multa-188-millones-euros\/","title":{"rendered":"Cristiano: Condenado a 23 meses de c\u00e1rcel y a una multa de 18,8 millones de euros"},"content":{"rendered":"<p class=\"canvas-atom canvas-text Mb(1.0em) Mb(0)--sm Mt(0.8em)--sm\" style=\"margin: 0px 0px 1em; color: #000000; font-family: Georgia, 'Times New Roman', serif; font-size: 18px; font-style: normal; font-variant-ligatures: normal; font-variant-caps: normal; font-weight: 400; letter-spacing: normal; orphans: 2; text-align: start; text-indent: 0px; text-transform: none; white-space: normal; widows: 2; word-spacing: 0px; -webkit-text-stroke-width: 0px; background-color: #ffffff; text-decoration-style: initial; text-decoration-color: initial;\">YAHOO. Cristiano Ronaldo compareci\u00f3 este martes en juicio ante la Audiencia Provincial de Madrid en el que fue condenado\u00a0a 23 meses de prisi\u00f3n y al pago de 18,8 millones de euros, tal y como acordaron en el pacto al que lleg\u00f3 con la Fiscal\u00eda y con Hacienda para compesar los cuatro delitos ficales que el jugador ha reconocido haber realizado entre 2011 y 2014 cuando era jugador del Real Madrid.<\/p>\n<p class=\"canvas-atom canvas-text Mb(1.0em) Mb(0)--sm Mt(0.8em)--sm\" style=\"margin: 0px 0px 1em; color: #000000; font-family: Georgia, 'Times New Roman', serif; font-size: 18px; font-style: normal; font-variant-ligatures: normal; font-variant-caps: normal; font-weight: 400; letter-spacing: normal; orphans: 2; text-align: start; text-indent: 0px; text-transform: none; white-space: normal; widows: 2; word-spacing: 0px; -webkit-text-stroke-width: 0px; background-color: #ffffff; text-decoration-style: initial; text-decoration-color: initial;\">Sin embargo, seg\u00fan ABC, el jugador ha conseguido que la condena de prisi\u00f3n\u00a0haya sido conmutada por una multa de 250 euros diarios durante 48 meses, o lo que es lo mismo, una multa de 365.000 euros.<\/p>\n<p class=\"canvas-atom canvas-text Mb(1.0em) Mb(0)--sm Mt(0.8em)--sm\" style=\"margin: 0px 0px 1em; color: #000000; font-family: Georgia, 'Times New Roman', serif; font-size: 18px; font-style: normal; font-variant-ligatures: normal; font-variant-caps: normal; font-weight: 400; letter-spacing: normal; orphans: 2; text-align: start; text-indent: 0px; text-transform: none; white-space: normal; widows: 2; word-spacing: 0px; -webkit-text-stroke-width: 0px; background-color: #ffffff; text-decoration-style: initial; text-decoration-color: initial;\">El jugador luso solicit\u00f3 entrar a los juzgados por el garaje y en su propio veh\u00edculo, una circunstancia que le fue sido denegada, por lo que Ronaldo tendr\u00e1 que pasar ante los medios\u00a0que le esperan en las puertas del juzgado situado en la calle Santiago de Compostela.<\/p>\n","protected":false},"excerpt":{"rendered":"<p>Seg\u00fan ABC, el jugador ha conseguido que la condena de prisi\u00f3n\u00a0haya sido conmutada por una multa de 250 euros diarios durante 48 meses, o lo que es lo mismo, una multa de 365.000 euros.<\/p>\n","protected":false},"author":16,"featured_media":47402,"comment_status":"closed","ping_status":"closed","sticky":false,"template":"","format":"standard","meta":[],"categories":[2,60],"tags":[],"acf":[],"_links":{"self":[{"href":"https:\/\/colimdo.org\/wp-api\/wp\/v2\/posts\/47401"}],"collection":[{"href":"https:\/\/colimdo.org\/wp-api\/wp\/v2\/posts"}],"about":[{"href":"https:\/\/colimdo.org\/wp-api\/wp\/v2\/types\/post"}],"author":[{"embeddable":true,"href":"https:\/\/colimdo.org\/wp-api\/wp\/v2\/users\/16"}],"replies":[{"embeddable":true,"href":"https:\/\/colimdo.org\/wp-api\/wp\/v2\/comments?post=47401"}],"version-history":[{"count":1,"href":"https:\/\/colimdo.org\/wp-api\/wp\/v2\/posts\/47401\/revisions"}],"predecessor-version":[{"id":47403,"href":"https:\/\/colimdo.org\/wp-api\/wp\/v2\/posts\/47401\/revisions\/47403"}],"wp:featuredmedia":[{"embeddable":true,"href":"https:\/\/colimdo.org\/wp-api\/wp\/v2\/media\/47402"}],"wp:attachment":[{"href":"https:\/\/colimdo.org\/wp-api\/wp\/v2\/media?parent=47401"}],"wp:term":[{"taxonomy":"category","embeddable":true,"href":"https:\/\/colimdo.org\/wp-api\/wp\/v2\/categories?post=47401"},{"taxonomy":"post_tag","embeddable":true,"href":"https:\/\/colimdo.org\/wp-api\/wp\/v2\/tags?post=47401"}],"curies":[{"name":"wp","href":"https:\/\/api.w.org\/{rel}","templated":true}]}}