{"id":47412,"date":"2019-01-22T16:19:17","date_gmt":"2019-01-22T16:19:17","guid":{"rendered":"https:\/\/colimdo.org\/?p=47412"},"modified":"2019-01-22T16:19:33","modified_gmt":"2019-01-22T16:19:33","slug":"desaparece-avioneta-viajaba-jugador-argentino-del-cardiff","status":"publish","type":"post","link":"https:\/\/colimdo.org\/noticias\/desaparece-avioneta-viajaba-jugador-argentino-del-cardiff\/","title":{"rendered":"Desaparece avioneta en la que viajaba jugador argentino del Cardiff"},"content":{"rendered":"<p class=\"canvas-atom canvas-text Mb(1.0em) Mb(0)--sm Mt(0.8em)--sm\" style=\"margin: 0px 0px 1em; color: #000000; font-family: Georgia, 'Times New Roman', serif; font-size: 18px; font-style: normal; font-variant-ligatures: normal; font-variant-caps: normal; font-weight: 400; letter-spacing: normal; orphans: 2; text-align: start; text-indent: 0px; text-transform: none; white-space: normal; widows: 2; word-spacing: 0px; -webkit-text-stroke-width: 0px; background-color: #ffffff; text-decoration-style: initial; text-decoration-color: initial;\">El club de f\u00fatbol Cardiff City manifest\u00f3 este martes su \u201cpreocupaci\u00f3n\u201d por la suerte del jugador argentino\u00a0<strong>Emiliano <\/strong>Sala\u00a0porque al parecer viajaba en una avioneta desaparecida anoche en aguas del Canal de la Mancha.<\/p>\n<p class=\"canvas-atom canvas-text Mb(1.0em) Mb(0)--sm Mt(0.8em)--sm\" style=\"margin: 0px 0px 1em; color: #000000; font-family: Georgia, 'Times New Roman', serif; font-size: 18px; font-style: normal; font-variant-ligatures: normal; font-variant-caps: normal; font-weight: 400; letter-spacing: normal; orphans: 2; text-align: start; text-indent: 0px; text-transform: none; white-space: normal; widows: 2; word-spacing: 0px; -webkit-text-stroke-width: 0px; background-color: #ffffff; text-decoration-style: initial; text-decoration-color: initial;\">El avi\u00f3n viajaba de Nantes, en Francia, a Cardiff, y las autoridades contin\u00faan con la b\u00fasqueda del aparato,\u00a0un PA 46 Malib\u00fa, que desapareci\u00f3 del radar el lunes por la noche. La Polic\u00eda de Guernesey, en el Canal, precis\u00f3 que\u00a0la b\u00fasqueda fue reanudada esta ma\u00f1ana y a\u00fan no han localizado rastros del aparato en el que iban dos personas a bordo.<\/p>\n<p class=\"canvas-atom canvas-text Mb(1.0em) Mb(0)--sm Mt(0.8em)--sm\">El aparato despeg\u00f3 de Nantes en la tarde de ayer sobre las 19:15 y, estuvo volando a una altura de 5.000 pies cuando contact\u00f3 con el tr\u00e1fico a\u00e9reo de Jersey para pedir permiso para una maniobra de descenso. Cuando baj\u00f3 a una altura de unos 2.300 pies, se perdi\u00f3 el control con la aeronave.<\/p>\n<p class=\"canvas-atom canvas-text Mb(1.0em) Mb(0)--sm Mt(0.8em)--sm\" style=\"margin: 0px 0px 1em; color: #000000; font-family: Georgia, 'Times New Roman', serif; font-size: 18px; font-style: normal; font-variant-ligatures: normal; font-variant-caps: normal; font-weight: 400; letter-spacing: normal; orphans: 2; text-align: start; text-indent: 0px; text-transform: none; white-space: normal; widows: 2; word-spacing: 0px; -webkit-text-stroke-width: 0px; background-color: #ffffff; text-decoration-style: initial; text-decoration-color: initial;\">Entonces, comenzaron las labores de b\u00fasqueda, pero\u00a0las condiciones climatol\u00f3gicas obligaron a suspernderlas sobre las dos de la madrugada. La Met Office, oficina meteorol\u00f3gica brit\u00e1nica, se\u00f1ala que cuando se perdi\u00f3 el avi\u00f3n hubieron algunas borrascas, pero nada importante.<\/p>\n<p class=\"canvas-atom canvas-text Mb(1.0em) Mb(0)--sm Mt(0.8em)--sm\" style=\"margin: 0px 0px 1em; color: #000000; font-family: Georgia, 'Times New Roman', serif; font-size: 18px; font-style: normal; font-variant-ligatures: normal; font-variant-caps: normal; font-weight: 400; letter-spacing: normal; orphans: 2; text-align: start; text-indent: 0px; text-transform: none; white-space: normal; widows: 2; word-spacing: 0px; -webkit-text-stroke-width: 0px; background-color: #ffffff; text-decoration-style: initial; text-decoration-color: initial;\">El delantero centro argentino\u00a0viajaba para poder concretar los \u00faltimos flecos de su traspaso al Cardiff\u00a0para disputar la Premier League, despu\u00e9s de una campa\u00f1a brillante hasta ahora en el Nantes de la Ligue 1, peleando en la tabla de m\u00e1ximos goleadores con Mbapp\u00e9 y Pepe. La apuesta del conjunto gal\u00e9s por \u00e9l significaba la m\u00e1s importante de su hisoria, con un acuerdo de 15 millones de libras.<\/p>\n<p class=\"canvas-atom canvas-text Mb(1.0em) Mb(0)--sm Mt(0.8em)--sm\">El tuit m\u00e1s reciente del jugador de 28 a\u00f1os fue una foto de despedida de sus antiguos compa\u00f1eros del Nantes.<\/p>\n<p class=\"canvas-atom canvas-text Mb(1.0em) Mb(0)--sm Mt(0.8em)--sm\" style=\"margin: 0px 0px 1em; color: #000000; font-family: Georgia, 'Times New Roman', serif; font-size: 18px; font-style: normal; font-variant-ligatures: normal; font-variant-caps: normal; font-weight: 400; letter-spacing: normal; orphans: 2; text-align: start; text-indent: 0px; text-transform: none; white-space: normal; widows: 2; word-spacing: 0px; -webkit-text-stroke-width: 0px; background-color: #ffffff; text-decoration-style: initial; text-decoration-color: initial;\">Emiliano Sala es un luchador. Sali\u00f3 de un club muy modesto de Argentina, el Club San Mart\u00edn de Progreso. M\u00e1s tarde, se uni\u00f3 a al centro de formaci\u00f3n de Burdeos Proyecto Crecer, todav\u00eda en su pa\u00eds natal.\u00a0En 2010 lleg\u00f3 a Francia, al Girondins de Burdeos, donde nunca le dieron la oportunidad en el primer equipo y sali\u00f3 constantemente cedido hasta que el Nantes se hiciese con sus servicios\u00a0en 2015.<\/p>\n<p class=\"canvas-atom canvas-text Mb(1.0em) Mb(0)--sm Mt(0.8em)--sm\" style=\"margin: 0px 0px 1em; color: #000000; font-family: Georgia, 'Times New Roman', serif; font-size: 18px; font-style: normal; font-variant-ligatures: normal; font-variant-caps: normal; font-weight: 400; letter-spacing: normal; orphans: 2; text-align: start; text-indent: 0px; text-transform: none; white-space: normal; widows: 2; word-spacing: 0px; -webkit-text-stroke-width: 0px; background-color: #ffffff; text-decoration-style: initial; text-decoration-color: initial;\">Su vuelo\u00a0desapareci\u00f3 del radar cerca del faro de Casquets, una zona famosa entre marineros por los naufragios, 13 kilometros al norte de Alderney. Los guardacostas brit\u00e1nicos, a pesar de ser un \u00e1rea que escapa de su jurisdicci\u00f3n, aportaron dos helic\u00f3pteros de rescate para rastrear el perimetro.<\/p>\n<p class=\"canvas-atom canvas-text Mb(1.0em) Mb(0)--sm Mt(0.8em)--sm\">De momento, no hay noticias de la aeronave.<\/p>\n","protected":false},"excerpt":{"rendered":"<p>El avi\u00f3n viajaba de Nantes, en Francia, a Cardiff, y las autoridades contin\u00faan con la b\u00fasqueda del aparato,\u00a0un PA 46 Malib\u00fa, que desapareci\u00f3 del radar el lunes por la noche. La Polic\u00eda de Guernesey, en el Canal, precis\u00f3 que\u00a0la b\u00fasqueda fue reanudada esta ma\u00f1ana y a\u00fan no han localizado rastros del aparato en el que iban dos personas a bordo.<\/p>\n","protected":false},"author":16,"featured_media":47413,"comment_status":"closed","ping_status":"closed","sticky":false,"template":"","format":"standard","meta":[],"categories":[2,60],"tags":[],"acf":[],"_links":{"self":[{"href":"https:\/\/colimdo.org\/wp-api\/wp\/v2\/posts\/47412"}],"collection":[{"href":"https:\/\/colimdo.org\/wp-api\/wp\/v2\/posts"}],"about":[{"href":"https:\/\/colimdo.org\/wp-api\/wp\/v2\/types\/post"}],"author":[{"embeddable":true,"href":"https:\/\/colimdo.org\/wp-api\/wp\/v2\/users\/16"}],"replies":[{"embeddable":true,"href":"https:\/\/colimdo.org\/wp-api\/wp\/v2\/comments?post=47412"}],"version-history":[{"count":2,"href":"https:\/\/colimdo.org\/wp-api\/wp\/v2\/posts\/47412\/revisions"}],"predecessor-version":[{"id":47415,"href":"https:\/\/colimdo.org\/wp-api\/wp\/v2\/posts\/47412\/revisions\/47415"}],"wp:featuredmedia":[{"embeddable":true,"href":"https:\/\/colimdo.org\/wp-api\/wp\/v2\/media\/47413"}],"wp:attachment":[{"href":"https:\/\/colimdo.org\/wp-api\/wp\/v2\/media?parent=47412"}],"wp:term":[{"taxonomy":"category","embeddable":true,"href":"https:\/\/colimdo.org\/wp-api\/wp\/v2\/categories?post=47412"},{"taxonomy":"post_tag","embeddable":true,"href":"https:\/\/colimdo.org\/wp-api\/wp\/v2\/tags?post=47412"}],"curies":[{"name":"wp","href":"https:\/\/api.w.org\/{rel}","templated":true}]}}