{"id":47435,"date":"2019-01-23T00:17:06","date_gmt":"2019-01-23T00:17:06","guid":{"rendered":"https:\/\/colimdo.org\/?p=47435"},"modified":"2019-01-23T00:17:50","modified_gmt":"2019-01-23T00:17:50","slug":"manuel-fernandez-hache-sobresale-grand-prix-under-25-years","status":"publish","type":"post","link":"https:\/\/colimdo.org\/noticias\/manuel-fernandez-hache-sobresale-grand-prix-under-25-years\/","title":{"rendered":"Manuel Fern\u00e1ndez Hach\u00e9 sobresale en Grand Prix Under 25 Years"},"content":{"rendered":"<p><strong>SANTO DOMINGO<\/strong>.- El jinete dominicano Manuel Fern\u00e1ndez Hach\u00e9 logr\u00f3 una destacada participaci\u00f3n en el Grand Prix Under 25 Years, celebrado en Wellington, el pasado in de semana.<\/p>\n<p>Fern\u00e1ndez Hach\u00e9 conquist\u00f3 el tercer lugar en una de las pruebas m\u00e1s competitivas del Winter Equestrian Festival (WEF) de 2019.<\/p>\n<p>El quisqueyano mont\u00f3 al ejemplar el Divin du Haras des Barrages, propiedad de su padre Aristides Fern\u00e1ndez Zucco.<\/p>\n<p>Manuel ejecut\u00f3 una ronda sin faltas en 41.97 segundos, en la pista dise\u00f1ada por Oscar Soberon, de M\u00e9xico.<\/p>\n<p>La informaci\u00f3n la ofreci\u00f3 hoy el presidente de la Federaci\u00f3n Dominicana de Deportes Ecuestres, ingeniero Jos\u00e9 Manuel Ramos B\u00e1ez, quien destac\u00f3 el progreso que viene teniendo el jinete criollo.<\/p>\n<p>\u201cEn ese evento compiten jinetes de menos de 25 a\u00f1os, con mucha calidad y tradici\u00f3n ecuestre\u201d, expres\u00f3 Ramos B\u00e1ez.<\/p>\n<p>Eugenio Garza P\u00e9rez, de M\u00e9xico, \u00a0en el ejemplar El Milagro, obtuvieron el primer lugar\u00a0 y recibi\u00f3 el Gran Premio de $ 25,000 d\u00f3lares. El segundo puesto fue para Ailish Cunniffe (EE. UU.) en el ejemplar Baloucento 2 de Whipstick Farm Ltd.<\/p>\n<p>El presidente de la Federaci\u00f3n Ecuestre dijo que la participaci\u00f3n de Manuel Fern\u00e1ndez Hach\u00e9 en ese festival es parte de su preparaci\u00f3n con miras a representar a Rep\u00fablica Dominicana en los Juegos Deportivos Panamericanos, de Lima Per\u00fa.<\/p>\n<p>\u201cEstamos muy contentos con el progreso que viene experimentando Manuel en su preparaci\u00f3n con miras a su participaci\u00f3n en los Juegos Panamericanos de Lima\u201d, apunt\u00f3 Ramos B\u00e1ez.<\/p>\n<p>Indic\u00f3 que el pa\u00eds cuenta con un buen grupo de jinetes prepar\u00e1ndose para formar parte del seleccionado nacional.<\/p>\n","protected":false},"excerpt":{"rendered":"<p>El jinete dominicano conquist\u00f3 el tercer lugar en una de las pruebas m\u00e1s competitivas del Winter Equestrian Festival (WEF) de 2019.<\/p>\n","protected":false},"author":13,"featured_media":47436,"comment_status":"closed","ping_status":"closed","sticky":false,"template":"","format":"standard","meta":[],"categories":[2],"tags":[],"acf":[],"_links":{"self":[{"href":"https:\/\/colimdo.org\/wp-api\/wp\/v2\/posts\/47435"}],"collection":[{"href":"https:\/\/colimdo.org\/wp-api\/wp\/v2\/posts"}],"about":[{"href":"https:\/\/colimdo.org\/wp-api\/wp\/v2\/types\/post"}],"author":[{"embeddable":true,"href":"https:\/\/colimdo.org\/wp-api\/wp\/v2\/users\/13"}],"replies":[{"embeddable":true,"href":"https:\/\/colimdo.org\/wp-api\/wp\/v2\/comments?post=47435"}],"version-history":[{"count":1,"href":"https:\/\/colimdo.org\/wp-api\/wp\/v2\/posts\/47435\/revisions"}],"predecessor-version":[{"id":47437,"href":"https:\/\/colimdo.org\/wp-api\/wp\/v2\/posts\/47435\/revisions\/47437"}],"wp:featuredmedia":[{"embeddable":true,"href":"https:\/\/colimdo.org\/wp-api\/wp\/v2\/media\/47436"}],"wp:attachment":[{"href":"https:\/\/colimdo.org\/wp-api\/wp\/v2\/media?parent=47435"}],"wp:term":[{"taxonomy":"category","embeddable":true,"href":"https:\/\/colimdo.org\/wp-api\/wp\/v2\/categories?post=47435"},{"taxonomy":"post_tag","embeddable":true,"href":"https:\/\/colimdo.org\/wp-api\/wp\/v2\/tags?post=47435"}],"curies":[{"name":"wp","href":"https:\/\/api.w.org\/{rel}","templated":true}]}}