{"id":47446,"date":"2019-01-23T15:04:07","date_gmt":"2019-01-23T15:04:07","guid":{"rendered":"https:\/\/colimdo.org\/?p=47446"},"modified":"2019-01-23T15:04:07","modified_gmt":"2019-01-23T15:04:07","slug":"novak-djokovic-avanza-semifinal-abierto-australia","status":"publish","type":"post","link":"https:\/\/colimdo.org\/noticias\/novak-djokovic-avanza-semifinal-abierto-australia\/","title":{"rendered":"Novak Djokovic avanza a semifinal en el Abierto de Australia"},"content":{"rendered":"<p class=\"canvas-atom canvas-text Mb(1.0em) Mb(0)--sm Mt(0.8em)--sm\">Melbourne (Australia), 23 ene (EFE).- El serbio Novak Djokovic (1) alcanz\u00f3 por s\u00e9ptima vez las semifinales en el Abierto de Australia despu\u00e9s de que el japon\u00e9s Kei Nishikori abandonara como consecuencia de unas molestias musculares cuando perd\u00eda por 6-1 y 4-1.<\/p>\n<p class=\"canvas-atom canvas-text Mb(1.0em) Mb(0)--sm Mt(0.8em)--sm\">El nip\u00f3n probablemente acus\u00f3 el esfuerzo realizado en su partido frente al espa\u00f1ol Pablo Carre\u00f1o (23), en el que se impuso por 6-7(8), 4-6, 7-6(4), 6-4 y 7-6(8) tras m\u00e1s de cinco horas de partido.<\/p>\n<p class=\"canvas-atom canvas-text Mb(1.0em) Mb(0)--sm Mt(0.8em)--sm\">Por su parte, el n\u00famero uno, quien explic\u00f3 tras su anterior partido frente al ruso Daniil Medvedev (13) que las sensaciones no fueron buenas, se enfrentar\u00e1 en la siguiente ronda al franc\u00e9s Lucas Pouille (26), que venci\u00f3 en la otra semifinal al canadiense Milos Raonic (16).<\/p>\n<p class=\"canvas-atom canvas-text Mb(1.0em) Mb(0)--sm Mt(0.8em)--sm\">Ser\u00e1 el primer enfrentamiento entre el serbio y el franc\u00e9s a pesar de coincidir pr\u00e1cticamente siete a\u00f1os en el circuito y cuatro como jugadores entre los primeros cien clasificados.<\/p>\n<p class=\"canvas-atom canvas-text Mb(1.0em) Mb(0)--sm Mt(0.8em)--sm\">Djokovic buscar\u00e1 una final que podr\u00eda ser la antesala de su s\u00e9ptimo t\u00edtulo en Melbourne Park, que le servir\u00eda para superar a su rival suizo Roger Federer (3) y convertirse en el tenista m\u00e1s laureado en el Abierto de Australia.<\/p>\n","protected":false},"excerpt":{"rendered":"<p> El serbio n\u00famero uno del mundo tras el abandono de Kei Nishikori.<\/p>\n","protected":false},"author":16,"featured_media":47447,"comment_status":"closed","ping_status":"closed","sticky":false,"template":"","format":"standard","meta":[],"categories":[2,60],"tags":[],"acf":[],"_links":{"self":[{"href":"https:\/\/colimdo.org\/wp-api\/wp\/v2\/posts\/47446"}],"collection":[{"href":"https:\/\/colimdo.org\/wp-api\/wp\/v2\/posts"}],"about":[{"href":"https:\/\/colimdo.org\/wp-api\/wp\/v2\/types\/post"}],"author":[{"embeddable":true,"href":"https:\/\/colimdo.org\/wp-api\/wp\/v2\/users\/16"}],"replies":[{"embeddable":true,"href":"https:\/\/colimdo.org\/wp-api\/wp\/v2\/comments?post=47446"}],"version-history":[{"count":1,"href":"https:\/\/colimdo.org\/wp-api\/wp\/v2\/posts\/47446\/revisions"}],"predecessor-version":[{"id":47448,"href":"https:\/\/colimdo.org\/wp-api\/wp\/v2\/posts\/47446\/revisions\/47448"}],"wp:featuredmedia":[{"embeddable":true,"href":"https:\/\/colimdo.org\/wp-api\/wp\/v2\/media\/47447"}],"wp:attachment":[{"href":"https:\/\/colimdo.org\/wp-api\/wp\/v2\/media?parent=47446"}],"wp:term":[{"taxonomy":"category","embeddable":true,"href":"https:\/\/colimdo.org\/wp-api\/wp\/v2\/categories?post=47446"},{"taxonomy":"post_tag","embeddable":true,"href":"https:\/\/colimdo.org\/wp-api\/wp\/v2\/tags?post=47446"}],"curies":[{"name":"wp","href":"https:\/\/api.w.org\/{rel}","templated":true}]}}