{"id":47449,"date":"2019-01-23T15:17:23","date_gmt":"2019-01-23T15:17:23","guid":{"rendered":"https:\/\/colimdo.org\/?p=47449"},"modified":"2019-01-23T15:17:23","modified_gmt":"2019-01-23T15:17:23","slug":"dicen-poco-probable-avion-desaparecido-futbolista-tuviera-caja-negra","status":"publish","type":"post","link":"https:\/\/colimdo.org\/noticias\/dicen-poco-probable-avion-desaparecido-futbolista-tuviera-caja-negra\/","title":{"rendered":"Dicen es poco probable que avi\u00f3n desaparecido con futbolista tuviera caja negra"},"content":{"rendered":"<p>LONDRES (EFE) &#8211; La\u00a0Autoridad de Aviaci\u00f3n Civil\u00a0(CAA, en ingl\u00e9s), regulador brit\u00e1nico de la aviaci\u00f3n, se\u00f1al\u00f3 hoy que es &#8220;poco probable&#8221; que\u00a0la avioneta en la que viajaba el jugador argentino Emiliano Sala, desaparecida desde el lunes, llevase caja negra.<\/p>\n<p>Los servicios de rescate de la isla de Guernsey reanudaron este mi\u00e9rcoles la b\u00fasqueda del aparato en el que viajaba el jugador del\u00a0Cardiff City, que desapareci\u00f3 en el Canal de la Mancha.<\/p>\n<p>Las cajas negras que registran los datos de vuelo y las conversaciones de la cabina son obligatorias en aviones comerciales, ya que suponen una pieza vital de informaci\u00f3n para los investigadores en caso de un accidente.<\/p>\n<p>Sin embargo, no son obligatorias para los aviones peque\u00f1os y ligeros, como el que viajaba\u00a0Sala, un Piper Malib\u00fa, debido al peso de estas cajas, seg\u00fan el regulador de la aviaci\u00f3n.<\/p>\n<p>No obstante, en Europa es requerimiento que el aparato lleve un transmisor de emergencia para ayudar en las operaciones de b\u00fasqueda y rescate, seg\u00fan la misma fuente.<\/p>\n<p>El Departamento de investigaci\u00f3n de accidentes a\u00e9reos del Reino Unido (AAIB, en ingl\u00e9s) inform\u00f3 de que investiga la desaparici\u00f3n de la avioneta, con registro en EE.UU., y que trabaja estrechamente con colegas de\u00a0Estados Unidos, Francia y Argentina.<\/p>\n<p>&#8220;Vamos a reunir todas las pruebas disponibles para hacer una investigaci\u00f3n exhaustiva. No obstante, si la aeronave no es encontrada, puede limitar el alcance de la investigaci\u00f3n&#8221;, a\u00f1adi\u00f3 un portavoz del AAIB.<\/p>\n<p>Sala, de 28 a\u00f1os, y un piloto viajaban desde Nantes (Francia) a Cardiff cuando se perdi\u00f3 la comunicaci\u00f3n con la aparato en el momento en el que cruzaban el Canal de la Mancha.<\/p>\n<p>El operativo de b\u00fasqueda trabaja sobre varias posibilidades: que el avi\u00f3n haya aterrizado en alg\u00fan lugar y el piloto y Sala no se hayan puesto en contacto, que la avioneta hiciera un amerizaje en el agua y los dos fueran recogidos por un barco, que tras un posible amerizaje hubieran abordado el bote salvavidas que ten\u00eda la avioneta o que el aparato se hubiera destruido al estrellarse en el mar.<\/p>\n<p>Al parecer, el jugador se comunic\u00f3 con amigos a los que hab\u00eda expresado su temor por subirse a la avioneta por las turbulencias que hab\u00eda experimentado en el vuelo previo desde Cardiff a Nantes.<\/p>\n","protected":false},"excerpt":{"rendered":"<p>La\u00a0Autoridad de Aviaci\u00f3n Civil\u00a0(CAA, en ingl\u00e9s), regulador brit\u00e1nico de la aviaci\u00f3n, se\u00f1al\u00f3 hoy que es &#8220;poco probable&#8221; que\u00a0la avioneta en la que viajaba el jugador argentino Emiliano Sala, desaparecida desde el lunes, llevase caja negra.<\/p>\n","protected":false},"author":16,"featured_media":47450,"comment_status":"closed","ping_status":"closed","sticky":false,"template":"","format":"standard","meta":[],"categories":[2,60],"tags":[],"acf":[],"_links":{"self":[{"href":"https:\/\/colimdo.org\/wp-api\/wp\/v2\/posts\/47449"}],"collection":[{"href":"https:\/\/colimdo.org\/wp-api\/wp\/v2\/posts"}],"about":[{"href":"https:\/\/colimdo.org\/wp-api\/wp\/v2\/types\/post"}],"author":[{"embeddable":true,"href":"https:\/\/colimdo.org\/wp-api\/wp\/v2\/users\/16"}],"replies":[{"embeddable":true,"href":"https:\/\/colimdo.org\/wp-api\/wp\/v2\/comments?post=47449"}],"version-history":[{"count":1,"href":"https:\/\/colimdo.org\/wp-api\/wp\/v2\/posts\/47449\/revisions"}],"predecessor-version":[{"id":47451,"href":"https:\/\/colimdo.org\/wp-api\/wp\/v2\/posts\/47449\/revisions\/47451"}],"wp:featuredmedia":[{"embeddable":true,"href":"https:\/\/colimdo.org\/wp-api\/wp\/v2\/media\/47450"}],"wp:attachment":[{"href":"https:\/\/colimdo.org\/wp-api\/wp\/v2\/media?parent=47449"}],"wp:term":[{"taxonomy":"category","embeddable":true,"href":"https:\/\/colimdo.org\/wp-api\/wp\/v2\/categories?post=47449"},{"taxonomy":"post_tag","embeddable":true,"href":"https:\/\/colimdo.org\/wp-api\/wp\/v2\/tags?post=47449"}],"curies":[{"name":"wp","href":"https:\/\/api.w.org\/{rel}","templated":true}]}}