{"id":47452,"date":"2019-01-23T15:43:31","date_gmt":"2019-01-23T15:43:31","guid":{"rendered":"https:\/\/colimdo.org\/?p=47452"},"modified":"2019-01-23T15:43:31","modified_gmt":"2019-01-23T15:43:31","slug":"roberto-cid-sera-becado-la-federacion-internacional-tenis","status":"publish","type":"post","link":"https:\/\/colimdo.org\/noticias\/roberto-cid-sera-becado-la-federacion-internacional-tenis\/","title":{"rendered":"Roberto Cid ser\u00e1 becado por la Federaci\u00f3n Internacional de Tenis"},"content":{"rendered":"<p>El tenista dominicano Roberto Cid forma parte de los 29 jugadores beneficiarios de la becas internacionales del Grand Slam por parte de la Federaci\u00f3n Internacional de Tenis (ITF).<\/p>\n<p>El programa, patrocinado por el Fondo de Desarrollo del Grand Slam (GSDF), otorgar\u00e1 a cada uno de los tenistas de la regi\u00f3n US$12,500 d\u00f3lares como parte del programa de la ITF para\u00a0para desarrollar sus carreras.<\/p>\n<p>Cid, quien pertenece a la Confederaci\u00f3n Centroamericana y del Caribe de Tenis (Cotec), es el tenista dominicano de mejor ranking en la clasificaci\u00f3n de ATP, donde ocupa el lugar 250.<\/p>\n<p>En su tercer a\u00f1o, el programa financiar\u00e1 US$650,000 d\u00f3lares a jugadores de todo el mundo como contribuci\u00f3n a sus costos relacionados con la competencia. Los atletas fueron seleccionados por edad, ranking,\u00a0representaci\u00f3n regional y el potencial que exhiben.<\/p>\n","protected":false},"excerpt":{"rendered":"<p>El dominicano ser\u00e1 uno de los 29 tenistas que estar\u00e1 becando la Federaci\u00f3n Internacional de Tenis, con el fin de que pueda desarrollar su carrera en este deporte. <\/p>\n","protected":false},"author":16,"featured_media":47453,"comment_status":"closed","ping_status":"closed","sticky":false,"template":"","format":"standard","meta":[],"categories":[2,60],"tags":[],"acf":[],"_links":{"self":[{"href":"https:\/\/colimdo.org\/wp-api\/wp\/v2\/posts\/47452"}],"collection":[{"href":"https:\/\/colimdo.org\/wp-api\/wp\/v2\/posts"}],"about":[{"href":"https:\/\/colimdo.org\/wp-api\/wp\/v2\/types\/post"}],"author":[{"embeddable":true,"href":"https:\/\/colimdo.org\/wp-api\/wp\/v2\/users\/16"}],"replies":[{"embeddable":true,"href":"https:\/\/colimdo.org\/wp-api\/wp\/v2\/comments?post=47452"}],"version-history":[{"count":1,"href":"https:\/\/colimdo.org\/wp-api\/wp\/v2\/posts\/47452\/revisions"}],"predecessor-version":[{"id":47454,"href":"https:\/\/colimdo.org\/wp-api\/wp\/v2\/posts\/47452\/revisions\/47454"}],"wp:featuredmedia":[{"embeddable":true,"href":"https:\/\/colimdo.org\/wp-api\/wp\/v2\/media\/47453"}],"wp:attachment":[{"href":"https:\/\/colimdo.org\/wp-api\/wp\/v2\/media?parent=47452"}],"wp:term":[{"taxonomy":"category","embeddable":true,"href":"https:\/\/colimdo.org\/wp-api\/wp\/v2\/categories?post=47452"},{"taxonomy":"post_tag","embeddable":true,"href":"https:\/\/colimdo.org\/wp-api\/wp\/v2\/tags?post=47452"}],"curies":[{"name":"wp","href":"https:\/\/api.w.org\/{rel}","templated":true}]}}