{"id":47460,"date":"2019-01-23T16:30:14","date_gmt":"2019-01-23T16:30:14","guid":{"rendered":"https:\/\/colimdo.org\/?p=47460"},"modified":"2019-01-23T17:59:11","modified_gmt":"2019-01-23T17:59:11","slug":"miguel-sano-pensado-jugar-la-serie-del-caribe","status":"publish","type":"post","link":"https:\/\/colimdo.org\/noticias\/miguel-sano-pensado-jugar-la-serie-del-caribe\/","title":{"rendered":"Miguel San\u00f3: \u201cTengo pensado jugar la Serie del Caribe\u201d"},"content":{"rendered":"<p>LIDOM. El petromacorisano\u00a0Miguel San\u00f3\u00a0cada vez est\u00e1 m\u00e1s cerca de saborear el n\u00e9ctar del campeonato, y a su vez est\u00e1 m\u00e1s firme en su pr\u00f3xima participaci\u00f3n con los Orientales de levantar el cetro: la\u00a0Serie del Caribe.<\/p>\n<p>Para San\u00f3, quien se encuentra en su primera serie final en el b\u00e9isbol oto\u00f1o-invernal con el equipo de su tierra natal, los sentimientos encontrados no escapan, y es por ello, que quiere vivir a plenitud sus sue\u00f1os de \u2018estrellista\u2019 en la que pretende colocarse la chaqueta de Rep\u00fablica Dominicana.<\/p>\n<p>\u201cMe siento s\u00faper emocionando de saber que mi equipo esta a punto de ganar un campeonato, y de lograrlo, tengo pensado jugar la Serie del Caribe\u201d, expres\u00f3 Miguel San\u00f3 a Lidom.com<\/p>\n<p>Con la serie final 4-1, las\u00a0Estrellas\u00a0salen hoy a conquistar su quinta victoria ante los Toros, con la finalidad de cerrar con broche de oro, el per\u00edodo de cincuenta a\u00f1os sin alzar una corona.<\/p>\n<p>\u201cEs algo especial estar aqu\u00ed. De verdad, que anhelaba esto desde ni\u00f1o, jugar como estamos jugando para conseguir un campeonato. Veo que los muchachos est\u00e1n luchando para lograr lo que hace a\u00f1os est\u00e1n buscando y creo es la hora del a\u00f1o verde. Es muy emocionante\u201d, indic\u00f3 el antesalista dominicano que fue seleccionado por los Orientales en el Sorteo de Novatos en 2012.<\/p>\n<p>De hecho, su \u00faltima participaci\u00f3n en postemporada, fue en el Todos contra Todos de la campa\u00f1a 2012, desde ese entonces, San\u00f3 quien tambi\u00e9n milit\u00f3 en la fase regular de la temporada 2015, ha sufrido la sequ\u00eda del equipo verde.<\/p>\n<p>\u201cUno sufre como pelotero y fan\u00e1tico de este equipo. Ser estrellista es algo muy grande. Pocos peloteros pueden vivir la experiencia de ser del mismo pueblo y ser fan\u00e1tico y pelotero de ese equipo\u201d, resalt\u00f3 San\u00f3, quien fue firmado por los Mellizos de Minnesota por 3.5 millones de d\u00f3lares en 2009.<\/p>\n<p>San\u00f3, quien fue valorado como prospecto n\u00famero uno de la organizaci\u00f3n de Minnesota en 2013 y asisti\u00f3 a su primer Juego de Estrellas, en la temporada 2017, valor\u00f3 ciertos aspectos que a su consideraci\u00f3n han sido los factores fundamentales del engranaje victorioso del conjunto verde.<\/p>\n<p>\u201cLe doy gracias a Dios por el gran momento y la oportunidad de estar aqui hoy en d\u00eda. Veo mucha juventud, liderazgo, uni\u00f3n, y eso es muy importante en un conjunto. El equipo esta jugando como se juega la verdadera pelota. Me siento s\u00faper contento de estar aqu\u00ed\u201d, dijo Miguel, quien ha remolcado dos carreras durante estos cinco encuentros.<\/p>\n","protected":false},"excerpt":{"rendered":"<p>Para San\u00f3, quien se encuentra en su primera serie final en el b\u00e9isbol oto\u00f1o-invernal con el equipo de su tierra natal, los sentimientos encontrados no escapan, y es por ello, que quiere vivir a plenitud sus sue\u00f1os de \u2018estrellista\u2019 en la que pretende colocarse la chaqueta de Rep\u00fablica Dominicana.<\/p>\n","protected":false},"author":16,"featured_media":47461,"comment_status":"closed","ping_status":"closed","sticky":false,"template":"","format":"standard","meta":[],"categories":[2,60],"tags":[],"acf":[],"_links":{"self":[{"href":"https:\/\/colimdo.org\/wp-api\/wp\/v2\/posts\/47460"}],"collection":[{"href":"https:\/\/colimdo.org\/wp-api\/wp\/v2\/posts"}],"about":[{"href":"https:\/\/colimdo.org\/wp-api\/wp\/v2\/types\/post"}],"author":[{"embeddable":true,"href":"https:\/\/colimdo.org\/wp-api\/wp\/v2\/users\/16"}],"replies":[{"embeddable":true,"href":"https:\/\/colimdo.org\/wp-api\/wp\/v2\/comments?post=47460"}],"version-history":[{"count":2,"href":"https:\/\/colimdo.org\/wp-api\/wp\/v2\/posts\/47460\/revisions"}],"predecessor-version":[{"id":47466,"href":"https:\/\/colimdo.org\/wp-api\/wp\/v2\/posts\/47460\/revisions\/47466"}],"wp:featuredmedia":[{"embeddable":true,"href":"https:\/\/colimdo.org\/wp-api\/wp\/v2\/media\/47461"}],"wp:attachment":[{"href":"https:\/\/colimdo.org\/wp-api\/wp\/v2\/media?parent=47460"}],"wp:term":[{"taxonomy":"category","embeddable":true,"href":"https:\/\/colimdo.org\/wp-api\/wp\/v2\/categories?post=47460"},{"taxonomy":"post_tag","embeddable":true,"href":"https:\/\/colimdo.org\/wp-api\/wp\/v2\/tags?post=47460"}],"curies":[{"name":"wp","href":"https:\/\/api.w.org\/{rel}","templated":true}]}}