{"id":47470,"date":"2019-01-23T18:09:14","date_gmt":"2019-01-23T18:09:14","guid":{"rendered":"https:\/\/colimdo.org\/?p=47470"},"modified":"2019-01-23T18:09:31","modified_gmt":"2019-01-23T18:09:31","slug":"luchadores-rd-van-rusia-una-base-entrenamientos","status":"publish","type":"post","link":"https:\/\/colimdo.org\/noticias\/luchadores-rd-van-rusia-una-base-entrenamientos\/","title":{"rendered":"Luchadores de RD van a Rusia a una base de entrenamientos"},"content":{"rendered":"<p><strong>SANTO DOMINGO.<\/strong>&#8211; Siete atletas de lucha ol\u00edmpica saldr\u00e1n este viernes a Rusia para realizar una base de entrenamientos de seis meses con mira a su participaci\u00f3n en los Juegos Panamericanos de Lima, Per\u00fa.<\/p>\n<p>Los atletas Jansel Pimentel, de la categor\u00eda 60 kilogramos; Luis Alfredo de Le\u00f3n, de los 67 kilogramos; y Leo Dalis Santana, de la divisi\u00f3n 130 kilos, del estilo greco, as\u00ed como\u00a0\u00a0\u00c1lbaro Rudesindo Camacho, de los 65 kilos; Lu\u00eds P\u00e9rez Sosa, de los 97 kilogramos; y Juan Ram\u00edrez, de los 57, de la modalidad libre, as\u00ed como Jessica Oviedo, de los 55 kilos, tambi\u00e9n del estilo libre femenino, fueron presentados este jueves por el licenciado Antonio Acosta, presidente de la Federaci\u00f3n Dominicana de Lucha, quien destac\u00f3 que los luchadores estar\u00e1n siendo entrenados por calificados t\u00e9cnicos rusos. El grupo de atletas van acompa\u00f1ados del t\u00e9cnico Porfirio Minier.<\/p>\n<p>\u201cEstar\u00e1n en un centro de alto rendimiento de primera categor\u00eda donde ser\u00e1n sometidos a un riguroso sistema de entrenamientos en la ciudad de Majachkal\u00e1, Daguest\u00e1n, Rusia\u201d, dijo Acosta, quien inform\u00f3 que los atletas viajan bajo los auspicios del programa Creando Sue\u00f1os Ol\u00edmpicos (Creso) y la colaboraci\u00f3n del Ministerio de Deportes.<\/p>\n<p>\u201cEl objetivo es mejorar las condiciones f\u00edsicas estos atletas para los Juegos Panamericanos de Lima, Per\u00fa. Tendr\u00e1n entrenadores calificados y preparados en Rusia y participar\u00e1n en seis torneos en diferentes partes de Europa\u201d, agreg\u00f3 Acosta.<\/p>\n<p>Durante la base de entrenamientos, estos atletas participar\u00e1n en varios eventos internacionales que tienen lugar en la regi\u00f3n euroasi\u00e1tica. Tambi\u00e9n ser\u00e1n sometidos \u201ctopes t\u00e9cnicos\u201d con luchadores rusos. Los siete atletas de lucha lograron su clasificaci\u00f3n para los juegos Panamericanos de Lima, Per\u00fa, durante su participaci\u00f3n en los Juegos Centroamericanos y del Caribe de Barranquilla, Colombia, celebrados el pasado a\u00f1o.<\/p>\n<p>\u201cVamos a prepararnos con el objetivo de estar en condiciones para los Juegos Panamericanos y hacer un buen trabajo\u201d, manifest\u00f3 el atleta Hansel Miguel Gonz\u00e1lez, mientras que Jessica Oviedo se\u00f1al\u00f3: \u201cEstamos con la voluntad de ir a hacer un buen trabajo para lograr el objetivo de ir bien preparados a los Juegos Panamericanos\u201d.<\/p>\n<p>La base de entrenamientos en Rusia fue lograda mediante un acuerdo con la federaci\u00f3n de esa naci\u00f3n.<\/p>\n<p><strong>Acosta agradece<\/strong><\/p>\n<p>El licenciado Acosta mostr\u00f3 su agradecimiento al programa Creso por la inversi\u00f3n millonaria que est\u00e1 realizando \u201cpara llevar al m\u00e1s alto nivel\u201d la preparaci\u00f3n de los atletas de lucha, en \u201cinter\u00e9s de tener un buen resultado\u201d en los pr\u00f3ximos Juegos Panamericanos que han de celebrarse del 26 de julio al 11 de agosto pr\u00f3ximo.<\/p>\n","protected":false},"excerpt":{"rendered":"<p>La delegaci\u00f3n, integrada por siete atletas y un entrenador, saldr\u00e1 este viernes a Rusia para realizar una base de entrenamientos de seis meses.<\/p>\n","protected":false},"author":13,"featured_media":47472,"comment_status":"closed","ping_status":"closed","sticky":false,"template":"","format":"standard","meta":[],"categories":[2],"tags":[],"acf":[],"_links":{"self":[{"href":"https:\/\/colimdo.org\/wp-api\/wp\/v2\/posts\/47470"}],"collection":[{"href":"https:\/\/colimdo.org\/wp-api\/wp\/v2\/posts"}],"about":[{"href":"https:\/\/colimdo.org\/wp-api\/wp\/v2\/types\/post"}],"author":[{"embeddable":true,"href":"https:\/\/colimdo.org\/wp-api\/wp\/v2\/users\/13"}],"replies":[{"embeddable":true,"href":"https:\/\/colimdo.org\/wp-api\/wp\/v2\/comments?post=47470"}],"version-history":[{"count":1,"href":"https:\/\/colimdo.org\/wp-api\/wp\/v2\/posts\/47470\/revisions"}],"predecessor-version":[{"id":47473,"href":"https:\/\/colimdo.org\/wp-api\/wp\/v2\/posts\/47470\/revisions\/47473"}],"wp:featuredmedia":[{"embeddable":true,"href":"https:\/\/colimdo.org\/wp-api\/wp\/v2\/media\/47472"}],"wp:attachment":[{"href":"https:\/\/colimdo.org\/wp-api\/wp\/v2\/media?parent=47470"}],"wp:term":[{"taxonomy":"category","embeddable":true,"href":"https:\/\/colimdo.org\/wp-api\/wp\/v2\/categories?post=47470"},{"taxonomy":"post_tag","embeddable":true,"href":"https:\/\/colimdo.org\/wp-api\/wp\/v2\/tags?post=47470"}],"curies":[{"name":"wp","href":"https:\/\/api.w.org\/{rel}","templated":true}]}}