{"id":47471,"date":"2019-01-23T18:13:11","date_gmt":"2019-01-23T18:13:11","guid":{"rendered":"https:\/\/colimdo.org\/?p=47471"},"modified":"2019-01-23T18:13:11","modified_gmt":"2019-01-23T18:13:11","slug":"anuncian-6to-maraton-brazadas-valores","status":"publish","type":"post","link":"https:\/\/colimdo.org\/noticias\/anuncian-6to-maraton-brazadas-valores\/","title":{"rendered":"Anuncian 6to marat\u00f3n \u201cBrazadas por Valores\u201d"},"content":{"rendered":"<p class=\"x_MsoNormal\"><b>Santo Domingo, Rep\u00fablica Dominicana<\/b>.- Las fundaciones Body Shop y Palabra &amp; Vida, cada a\u00f1o celebran el marat\u00f3n de nataci\u00f3n \u201cBrazadas por Valores&#8221; en las instalaciones de Body Shop Athletic Club Naco (@clubbodyshoprd), y este a\u00f1o no ser\u00e1 la excepci\u00f3n por lo que anuncian su sexta versi\u00f3n para los d\u00edas 1 y 2 de febrero.<\/p>\n<p class=\"x_MsoNormal\">En cada edici\u00f3n son convocados nadadores amateurs y profesionales para una jornada de 24 horas de nado ininterrumpido, en grupos y relevo, que buscan alcanzar la meta colectiva m\u00ednima de un mill\u00f3n de metros nadados.<\/p>\n<p class=\"x_MsoNormal\">Monse\u00f1or V\u00edctor Masalles, Presidente de la Fundaci\u00f3n Palabra &amp; Vida y del comit\u00e9 organizador del evento; junto a los los se\u00f1ores Anthony Bernal y Noris Rodr\u00edguez de Bernal, presidentes de la Fundaci\u00f3n Body Shop agradecieron a los patrocinadores de esta edici\u00f3n ARS Universal y Banco Popular por el apoyo decidido a la construcci\u00f3n de una sociedad m\u00e1s justa y m\u00e1s sana.<\/p>\n<p class=\"x_MsoNormal\">Para esta edici\u00f3n buscan alcanzar la meta colectiva de 1,000,000 de metros nadados en el menor tiempo posible y de acumular m\u00e1s metros nadados que en 2017 cuando se alcanz\u00f3 un total de 1,540,100 mts en 24 horas.\u00a0 En reconocimiento a su contribuci\u00f3n a la meta global, se premia a los atletas con mayor cantidad de metros nadados en las categor\u00edas \u201cMenos de 10 a\u00f1os\u201d, \u201c11-13 a\u00f1os\u201d, \u201c14-17 a\u00f1os\u201d, \u201c18-24 a\u00f1os\u201d, \u201c25 y m\u00e1s\u201d.<\/p>\n<p class=\"x_MsoNormal\">Como primicia, este a\u00f1o se realizar\u00e1 en la misma fecha un marat\u00f3n paralelo en Puerto Rico, organizado por Special Olympics Puerto Rico, Caparra Country Club y la Federaci\u00f3n Puertorrique\u00f1a de Nataci\u00f3n, a beneficio del viaje de los atletas especiales que participar\u00e1n en el Mundial de Corea. Ambas fiestas deportivas estar\u00e1n unidas a trav\u00e9s de un enlace de video dedicado que permitir\u00e1 una sana competencia deportiva.<\/p>\n<p class=\"x_MsoNormal\">El evento est\u00e1 regido por las reglas de conducta de la Federaci\u00f3n Internacional de Nataci\u00f3n Amateur (FINA), incluidas las reglas Masters de dicha organizaci\u00f3n. En ella son convocados todos los equipos de nataci\u00f3n, triatletas y nadadores libres, que podr\u00e1n participar previo registro en la Mesa T\u00e9cnica del evento.<\/p>\n<p class=\"x_MsoNormal\">\u201cBrazadas por Valores\u201d, se lleva a cabo gracias a la alianza entre Fundaci\u00f3n Body Shop, entidad no lucrativa orientada a la promoci\u00f3n del deporte, educaci\u00f3n, salud y obras sociales; y la Fundaci\u00f3n Palabra &amp; Vida, enfocada en el desarrollo de obras sociales, proyectos de desarrollo comunitario, promoci\u00f3n de la vida, la familia y formaci\u00f3n humana.<\/p>\n","protected":false},"excerpt":{"rendered":"<p>El evento, a realizarse los d\u00edas 1 y 2 de febrero, promueve los valores de la honestidad, perseverancia, respeto, solidaridad y justicia.<\/p>\n","protected":false},"author":16,"featured_media":47474,"comment_status":"closed","ping_status":"closed","sticky":false,"template":"","format":"standard","meta":[],"categories":[2,60],"tags":[],"acf":[],"_links":{"self":[{"href":"https:\/\/colimdo.org\/wp-api\/wp\/v2\/posts\/47471"}],"collection":[{"href":"https:\/\/colimdo.org\/wp-api\/wp\/v2\/posts"}],"about":[{"href":"https:\/\/colimdo.org\/wp-api\/wp\/v2\/types\/post"}],"author":[{"embeddable":true,"href":"https:\/\/colimdo.org\/wp-api\/wp\/v2\/users\/16"}],"replies":[{"embeddable":true,"href":"https:\/\/colimdo.org\/wp-api\/wp\/v2\/comments?post=47471"}],"version-history":[{"count":1,"href":"https:\/\/colimdo.org\/wp-api\/wp\/v2\/posts\/47471\/revisions"}],"predecessor-version":[{"id":47475,"href":"https:\/\/colimdo.org\/wp-api\/wp\/v2\/posts\/47471\/revisions\/47475"}],"wp:featuredmedia":[{"embeddable":true,"href":"https:\/\/colimdo.org\/wp-api\/wp\/v2\/media\/47474"}],"wp:attachment":[{"href":"https:\/\/colimdo.org\/wp-api\/wp\/v2\/media?parent=47471"}],"wp:term":[{"taxonomy":"category","embeddable":true,"href":"https:\/\/colimdo.org\/wp-api\/wp\/v2\/categories?post=47471"},{"taxonomy":"post_tag","embeddable":true,"href":"https:\/\/colimdo.org\/wp-api\/wp\/v2\/tags?post=47471"}],"curies":[{"name":"wp","href":"https:\/\/api.w.org\/{rel}","templated":true}]}}