{"id":47505,"date":"2019-01-24T14:49:43","date_gmt":"2019-01-24T14:49:43","guid":{"rendered":"https:\/\/colimdo.org\/?p=47505"},"modified":"2019-01-24T15:08:43","modified_gmt":"2019-01-24T15:08:43","slug":"lebron-james-regresaria-proximo-domingo-los-lakers","status":"publish","type":"post","link":"https:\/\/colimdo.org\/noticias\/lebron-james-regresaria-proximo-domingo-los-lakers\/","title":{"rendered":"LeBron James regresar\u00eda el pr\u00f3ximo domingo con los Lakers"},"content":{"rendered":"<p><strong>NBAMANIACS.<\/strong> Este jueves, justo cuando se cumple un mes de su lesi\u00f3n en la ingle izquierda, en el duelo entre Warriors de Golden State y\u00a0Lakers de Los \u00c1ngeles\u00a0del d\u00eda de Navidad, LeBron James volver\u00e1 a ser baja y se perder\u00e1 su partido consecutivo n\u00famero 15, algo ins\u00f3lito en su carrera deportiva.<\/p>\n<p>Tras conocerse que no jugar\u00eda el lunes pasado contra los Warriors, se supo que la rehabilitaci\u00f3n de LeBron iba por buen camino y que su regreso podr\u00eda ser para esta semana. Sin embargo, a James le queda todav\u00eda entrenar sin ning\u00fan tipo de restricciones, algo que no ha sucedido. Por eso ser\u00e1 baja contra los Timberwolves de Minnesota, duelo donde se espera que pueda reaparecer\u00a0Rajon Rondo, vital su participaci\u00f3n tras la lesi\u00f3n de Lonzo Ball.<\/p>\n<h2>Quiz\u00e1 contra Phoenix<\/h2>\n<p>El domingo, de nuevo en casa y antes de recibir a los 76ers de Filadelfia, los Lakers reciben la visita de los Suns de Phoenix. Para ese choque no est\u00e1 descartado LeBron. \u201cAl igual que como con Rondo, va a depender de c\u00f3mo se sienta. Cuando est\u00e9n listos para jugar, lo har\u00e1n\u201d, se\u00f1al\u00f3 el dirigente Luke Walton.<\/p>\n<p>Los Lakers, novenos del Oeste y ahora mismo fuera de los puestos de\u00a0<em>playoffs<\/em>, llevan un balance de 25-23, a 1,0 partidos de los Clippers, octavos. Sin\u00a0LeBron James, el balance es de 5-9.<\/p>\n","protected":false},"excerpt":{"rendered":"<p>El jugador no estar\u00e1 en el duelo de esta noche ante los Timberwolves de Minnesota, del dominicano Karl Towns. <\/p>\n","protected":false},"author":16,"featured_media":47506,"comment_status":"closed","ping_status":"closed","sticky":false,"template":"","format":"standard","meta":[],"categories":[2,60],"tags":[],"acf":[],"_links":{"self":[{"href":"https:\/\/colimdo.org\/wp-api\/wp\/v2\/posts\/47505"}],"collection":[{"href":"https:\/\/colimdo.org\/wp-api\/wp\/v2\/posts"}],"about":[{"href":"https:\/\/colimdo.org\/wp-api\/wp\/v2\/types\/post"}],"author":[{"embeddable":true,"href":"https:\/\/colimdo.org\/wp-api\/wp\/v2\/users\/16"}],"replies":[{"embeddable":true,"href":"https:\/\/colimdo.org\/wp-api\/wp\/v2\/comments?post=47505"}],"version-history":[{"count":3,"href":"https:\/\/colimdo.org\/wp-api\/wp\/v2\/posts\/47505\/revisions"}],"predecessor-version":[{"id":47510,"href":"https:\/\/colimdo.org\/wp-api\/wp\/v2\/posts\/47505\/revisions\/47510"}],"wp:featuredmedia":[{"embeddable":true,"href":"https:\/\/colimdo.org\/wp-api\/wp\/v2\/media\/47506"}],"wp:attachment":[{"href":"https:\/\/colimdo.org\/wp-api\/wp\/v2\/media?parent=47505"}],"wp:term":[{"taxonomy":"category","embeddable":true,"href":"https:\/\/colimdo.org\/wp-api\/wp\/v2\/categories?post=47505"},{"taxonomy":"post_tag","embeddable":true,"href":"https:\/\/colimdo.org\/wp-api\/wp\/v2\/tags?post=47505"}],"curies":[{"name":"wp","href":"https:\/\/api.w.org\/{rel}","templated":true}]}}