{"id":47513,"date":"2019-01-24T15:38:40","date_gmt":"2019-01-24T15:38:40","guid":{"rendered":"https:\/\/colimdo.org\/?p=47513"},"modified":"2019-01-24T15:38:40","modified_gmt":"2019-01-24T15:38:40","slug":"argentina-pide-continuar-busqueda-del-avion-viajaba-futbolista","status":"publish","type":"post","link":"https:\/\/colimdo.org\/noticias\/argentina-pide-continuar-busqueda-del-avion-viajaba-futbolista\/","title":{"rendered":"Argentina pide continuar b\u00fasqueda del avi\u00f3n en que viajaba futbolista"},"content":{"rendered":"<p>BUENOS AIRES (EFE) &#8212; El Gobierno de Argentina pidi\u00f3 que contin\u00fae la b\u00fasqueda del avi\u00f3n en el que viajaba el futbolista argentino Emiliano Sala y agradeci\u00f3 los esfuerzos desplegados en este sentido por el Reino Unido y Francia.<\/p>\n<p>&#8220;La Canciller\u00eda y las Embajadas argentinas ante el Reino Unido y Francia agradecieron a las autoridades brit\u00e1nicas y francesas el esfuerzo desplegado en la b\u00fasqueda y solicitaron continuar ese proceso hasta localizar el avi\u00f3n y sus tripulantes&#8221;, dijo el Ministerio de Exteriores argentino en un comunicado.<\/p>\n<p>Sala, de 28 a\u00f1os, y un piloto viajaban desde Nantes (Francia) a Cardiff (Reino Unido) cuando se perdi\u00f3 la comunicaci\u00f3n con el aparato en el momento en el que cruzaban el Canal de la Mancha.<\/p>\n<p>La b\u00fasqueda de la aeronave se reanud\u00f3 este mi\u00e9rcoles, a\u00fan sin resultado.<\/p>\n<p>El jefe de la Aviaci\u00f3n de B\u00fasqueda del Canal de la Mancha, John Fitzgerald, dijo este mi\u00e9rcoles que, si cay\u00f3 al agua, cree que no hay &#8220;ninguna esperanza&#8221; de encontrar a los tripulantes con vida.<\/p>\n<p>La Canciller\u00eda argentina dijo en su comunicado que &#8220;lamenta la situaci\u00f3n que est\u00e1 atravesando la familia del futbolista Emiliano Sala desde el lunes pasado, cuando se perdi\u00f3 contacto con el avi\u00f3n en el que viajaba&#8221;.<\/p>\n<p>A trav\u00e9s de la Direcci\u00f3n General de Asuntos Consulares, la Canciller\u00eda argentina mantiene contacto con los hermanos del futbolista, Dar\u00edo y Romina Sala, a quienes &#8220;se los asiste y transmite las novedades sobre la b\u00fasqueda del avi\u00f3n, brindadas por las embajadas argentinas en Londres y Par\u00eds&#8221;.<\/p>\n","protected":false},"excerpt":{"rendered":"<p>El Gobierno de Argentina pidi\u00f3 que contin\u00fae la b\u00fasqueda del avi\u00f3n en el que viajaba el futbolista argentino Emiliano Sala y agradeci\u00f3 los esfuerzos desplegados en este sentido por el Reino Unido y Francia.<\/p>\n","protected":false},"author":16,"featured_media":47514,"comment_status":"closed","ping_status":"closed","sticky":false,"template":"","format":"standard","meta":[],"categories":[2,60],"tags":[],"acf":[],"_links":{"self":[{"href":"https:\/\/colimdo.org\/wp-api\/wp\/v2\/posts\/47513"}],"collection":[{"href":"https:\/\/colimdo.org\/wp-api\/wp\/v2\/posts"}],"about":[{"href":"https:\/\/colimdo.org\/wp-api\/wp\/v2\/types\/post"}],"author":[{"embeddable":true,"href":"https:\/\/colimdo.org\/wp-api\/wp\/v2\/users\/16"}],"replies":[{"embeddable":true,"href":"https:\/\/colimdo.org\/wp-api\/wp\/v2\/comments?post=47513"}],"version-history":[{"count":1,"href":"https:\/\/colimdo.org\/wp-api\/wp\/v2\/posts\/47513\/revisions"}],"predecessor-version":[{"id":47515,"href":"https:\/\/colimdo.org\/wp-api\/wp\/v2\/posts\/47513\/revisions\/47515"}],"wp:featuredmedia":[{"embeddable":true,"href":"https:\/\/colimdo.org\/wp-api\/wp\/v2\/media\/47514"}],"wp:attachment":[{"href":"https:\/\/colimdo.org\/wp-api\/wp\/v2\/media?parent=47513"}],"wp:term":[{"taxonomy":"category","embeddable":true,"href":"https:\/\/colimdo.org\/wp-api\/wp\/v2\/categories?post=47513"},{"taxonomy":"post_tag","embeddable":true,"href":"https:\/\/colimdo.org\/wp-api\/wp\/v2\/tags?post=47513"}],"curies":[{"name":"wp","href":"https:\/\/api.w.org\/{rel}","templated":true}]}}