{"id":47526,"date":"2019-01-25T00:28:59","date_gmt":"2019-01-25T00:28:59","guid":{"rendered":"https:\/\/colimdo.org\/?p=47526"},"modified":"2019-01-25T00:29:16","modified_gmt":"2019-01-25T00:29:16","slug":"autoridades-ponen-fin-busqueda-avion-llevaba-futbolista","status":"publish","type":"post","link":"https:\/\/colimdo.org\/noticias\/autoridades-ponen-fin-busqueda-avion-llevaba-futbolista\/","title":{"rendered":"Autoridades ponen fin a b\u00fasqueda avi\u00f3n que llevaba a futbolista"},"content":{"rendered":"<p><strong>LONDRES (Reuters)<\/strong>. Los cuerpos de rescate pusieron fin el jueves a la b\u00fasqueda del futbolista argentino Emiliano Sala, desaparecido hace tres d\u00edas en el Canal de la Mancha, y a\u00f1adieron que las probabilidades de supervivencia en esta etapa son extremadamente remotas.<\/p>\n<p>Sala, el nuevo fichaje del Cardiff City, y el piloto de la avioneta, David Ibbotson, desaparecieron el lunes por la noche. Los equipos de rescate no han encontrado restos de la nave o sus ocupantes desde que se inici\u00f3 el proceso de b\u00fasqueda.<\/p>\n<p>&#8220;Revisamos toda la informaci\u00f3n disponible, as\u00ed como el detalle del equipamiento de emergencia que ten\u00eda la nave, y tomamos la dif\u00edcil decisi\u00f3n de poner fin a la b\u00fasqueda&#8221;, dijo en un comunicado David Barker, m\u00e1xima autoridad del puerto de Guernsey.<\/p>\n<p>&#8220;Los familiares m\u00e1s cercanos han sido informados de este desarrollo y mis pensamientos est\u00e1n con la familia del piloto y el pasajero en estos dif\u00edciles momentos&#8221;, agreg\u00f3.<\/p>\n<p>El due\u00f1o del Cardiff, Vincent Tan, dijo en un comunicado que todo el club seguir\u00e1 orando por Sala, Ibbotson y sus familias.<\/p>\n<p>&#8220;Las noticias del lunes por la noche nos sacudieron a todos en el club&#8221;, sostuvo. &#8220;Quienes conocieron a Emiliano lo describieron como un joven humilde y bueno que quer\u00eda triunfar en la Liga Premier&#8221;.<\/p>\n<p>&#8220;La respuesta del mundo del f\u00fatbol ha sido realmente emocionante y nosotros agradecemos sinceramente a quienes enviaron mensajes de apoyo&#8221;.<\/p>\n<p>En un mensaje de voz, Emiliano Sala hab\u00eda expresado durante el viaje sus dudas sobre la seguridad de la avioneta de un solo motor Piper Malibu.<\/p>\n<p>Barker dijo que la b\u00fasqueda incluy\u00f3 80 horas combinadas de trabajo a trav\u00e9s de tres aviones y cinco helic\u00f3pteros, adem\u00e1s de varias embarcaciones ayudando en la zona.<\/p>\n<p>&#8220;Pese a que no seguimos la b\u00fasqueda activamente, el incidente permanece abierto y les pediremos a todos los barcos y aeronaves que pasen por la zona que busquen cualquier resto de la avioneta. Esto se mantendr\u00e1 de forma indefinida&#8221;, remarc\u00f3.<\/p>\n<p>El delantero argentino de 28 a\u00f1os viajaba desde Nantes, en la zona occidental de Francia, para debutar con el equipo gal\u00e9s Cardiff City.<\/p>\n<p>La hermana del futbolista, Romina, pidi\u00f3 que la b\u00fasqueda siga. &#8220;Fueron tres d\u00edas y yo tengo la esperanza de que est\u00e1n vivos, quiero que se pongan un poquito en el lugar de los familiares (&#8230;) Es terrible, es desesperante, no tenemos ninguna certeza de nada. No se encontr\u00f3 nada y la esperanza est\u00e1 intacta de que ellos est\u00e1n vivos&#8221;, dijo a ESPN.<\/p>\n","protected":false},"excerpt":{"rendered":"<p>Este jueves, los cuerpos de rescate suspendieron la b\u00fasqueda del futbolista argentino Emiliano Sala, desaparecido hace tres d\u00edas en el Canal de la Mancha.<\/p>\n","protected":false},"author":13,"featured_media":47527,"comment_status":"closed","ping_status":"closed","sticky":false,"template":"","format":"standard","meta":[],"categories":[2],"tags":[],"acf":[],"_links":{"self":[{"href":"https:\/\/colimdo.org\/wp-api\/wp\/v2\/posts\/47526"}],"collection":[{"href":"https:\/\/colimdo.org\/wp-api\/wp\/v2\/posts"}],"about":[{"href":"https:\/\/colimdo.org\/wp-api\/wp\/v2\/types\/post"}],"author":[{"embeddable":true,"href":"https:\/\/colimdo.org\/wp-api\/wp\/v2\/users\/13"}],"replies":[{"embeddable":true,"href":"https:\/\/colimdo.org\/wp-api\/wp\/v2\/comments?post=47526"}],"version-history":[{"count":1,"href":"https:\/\/colimdo.org\/wp-api\/wp\/v2\/posts\/47526\/revisions"}],"predecessor-version":[{"id":47528,"href":"https:\/\/colimdo.org\/wp-api\/wp\/v2\/posts\/47526\/revisions\/47528"}],"wp:featuredmedia":[{"embeddable":true,"href":"https:\/\/colimdo.org\/wp-api\/wp\/v2\/media\/47527"}],"wp:attachment":[{"href":"https:\/\/colimdo.org\/wp-api\/wp\/v2\/media?parent=47526"}],"wp:term":[{"taxonomy":"category","embeddable":true,"href":"https:\/\/colimdo.org\/wp-api\/wp\/v2\/categories?post=47526"},{"taxonomy":"post_tag","embeddable":true,"href":"https:\/\/colimdo.org\/wp-api\/wp\/v2\/tags?post=47526"}],"curies":[{"name":"wp","href":"https:\/\/api.w.org\/{rel}","templated":true}]}}