{"id":47550,"date":"2019-01-25T06:16:43","date_gmt":"2019-01-25T06:16:43","guid":{"rendered":"https:\/\/colimdo.org\/?p=47550"},"modified":"2019-01-25T06:16:43","modified_gmt":"2019-01-25T06:16:43","slug":"real-madrid-logro-remontada-derrotar-al-girona","status":"publish","type":"post","link":"https:\/\/colimdo.org\/noticias\/real-madrid-logro-remontada-derrotar-al-girona\/","title":{"rendered":"Real Madrid logr\u00f3 remontada para derrotar al Girona"},"content":{"rendered":"<div class=\"Article\">\n<p>R\u00cdO DE JANEIRO (AP) \u2014 Brasil no puede quejarse con la benevolencia del sorteo de la Copa Am\u00e9rica. En cambio, la Argentina de Lionel Messi tendr\u00e1 que transitar el trayecto m\u00e1s complicado.<\/p>\n<p>En el sorteo realizado el jueves en R\u00edo de Janeiro, Brasil qued\u00f3 instalado en un Grupo A que a primera vista asoma de f\u00e1cil tr\u00e1mite al enfrentar a Bolivia, Venezuela y Per\u00fa.<\/p>\n<p>M\u00e1s exigente apunta ser el Grupo B. La Albiceleste se las ver\u00e1 con Colombia, Paraguay y Catar, una de las dos selecciones invitadas para el torneo que se jugar\u00e1 entre junio y julio en seis estadios de cinco ciudades brasile\u00f1as.<\/p>\n<p>\u201cLe vamos a dar guerra a quien toque\u201d, avis\u00f3 Scaloni.<\/p>\n<p>El Grupo C se insin\u00faa equilibrado. Uruguay debutar\u00e1 contra Ecuador, seguir\u00e1 con el otro invitado, Jap\u00f3n, y cerrar\u00e1 ante Chile, campe\u00f3n de las \u00faltimas dos ediciones del torneo de selecciones m\u00e1s antiguo del mundo.<\/p>\n<p>Los dos primeros lugares de cada grupo, m\u00e1s los dos mejores terceros, avanzar\u00e1n a los cuartos de final.<\/p>\n<p>De local por quinta vez y por primera desde 1989, Brasil levantar\u00e1 el tel\u00f3n contra Bolivia el 14 de julio en el estadio Morumb\u00ed de Sao Paulo y, cuatro d\u00edas despu\u00e9s, chocar\u00e1 contra Venezuela en la Arena Fonte Nova de Salvador.<\/p>\n<p>Bolivianos y venezolanos quedaron en los dos \u00faltimos puesto de la pasada eliminatoria de la Copa Mundial. Per\u00fa, el tercer oponente, disput\u00f3 su primera Copa del Mundo desde 1982 el a\u00f1o pasado en Rusia. El Per\u00fa-Brasil se jugar\u00e1 el 22 de junio en la Arena Corinthians de Sao Paulo.<\/p>\n<p>\u201cNo se puede obviar que Bolivia y Venezuela no tienen un buen ranking (FIFA). Quedaron noveno y d\u00e9cimo\u201d, record\u00f3 Tite. \u201cEn teor\u00eda, eso sugiere que no est\u00e1n al mismo nivel t\u00e9cnico de Per\u00fa. Pero no significa que nos vamos a encontrar adversarios c\u00f3modos en la cancha\u201d.<\/p>\n<p>Brasil se consagr\u00f3 campe\u00f3n en las cuatro ocasiones previas en que alberg\u00f3 el certamen, en 1919, 1922, 1949 y 1989.<\/p>\n<p>En busca de poner fin a una sequ\u00eda de t\u00edtulos que se remonta a la Copa Am\u00e9rica de 1993, Argentina debutar\u00e1 contra Colombia el 15 de junio en Salvador y proseguir\u00e1 con Paraguay, cuatro d\u00edas despu\u00e9s, en Belo Horizonte. Su \u00faltimo partido de la fase de grupos ser\u00e1 el 23 de junio contra Catar en Porto Alegre, ciudad en el sur de Brasil que est\u00e1 cerca de la frontera con Argentina.<\/p>\n<p>La presencia de Messi con la selecci\u00f3n a\u00fan constituye una inc\u00f3gnita. El delantero no ha jugado con el equipo nacional desde la eliminaci\u00f3n ante Francia en los octavos de final del Mundial de Rusia. Scaloni explic\u00f3 que hab\u00eda acordado con el astro del Barcelona tomarse un descanso durante una etapa de transici\u00f3n.<\/p>\n<p>Scaloni anticip\u00f3 que sostendr\u00e1 una conversaci\u00f3n con Messi antes de entregar su convocatoria para los amistosos que se disputar\u00e1n en marzo.<\/p>\n<p>\u201cCuando llegue la hora hablaremos con \u00e9l\u201d, se\u00f1al\u00f3 Scaloni. \u201cTenemos buenas sensaciones. Ojal\u00e1 pueda estar y ser feliz\u201d.<\/p>\n<p>Colombia espera definir en las pr\u00f3ximas semanas qui\u00e9n ser\u00e1 su nuevo t\u00e9cnico luego que Jos\u00e9 Pekerman termin\u00f3 su contrato en agosto del a\u00f1o pasado. La Federaci\u00f3n colombiana adelanta negociaciones con el portugu\u00e9s Carlos Queiroz,timonel de la selecci\u00f3n de Ir\u00e1n que actualmente compite en la Copa Asia.<\/p>\n<p>\u201cEsperamos concretar pronto la posibilidad de Queiroz y en ese tema hemos querido ser muy cuidadosos\u201d, dijo el presidente de la federaci\u00f3n Ram\u00f3n Jesur\u00fan. \u201cTenemos relaciones muy cercanas con el profesor y esperemos unos pocos d\u00edas\u201d.<\/p>\n<p>Chile, que venci\u00f3 a Argentina por penales en las dos finales anteriores, abrir\u00e1 ante Jap\u00f3n el 17 de junio en el Morumb\u00ed, un d\u00eda despu\u00e9s del Uruguay-Ecuador en el Mineirao de Belo Horizonte. El segundo duelo de Chile ser\u00e1 contra Ecuador el 21 de junio en Salvador y cerrar\u00e1 ante Uruguay el 24 en el estadio Maracan\u00e1.<\/p>\n<p>\u201cEstamos en un grupo bien diverso, con estilos y caracter\u00edsticas diferentes\u201d, dijo Reinaldo Rueda, el t\u00e9cnico colombiano de Chile. \u201cUruguay y Ecuador tienen un estilo sudamericana y Jap\u00f3n es una potencia en Asia\u201d.<\/p>\n<p>La final se escenificar\u00e1 el 8 de julio en el Maracan\u00e1.<\/p>\n<p>Los organizadores del torneo tambi\u00e9n anunciaron que pondr\u00e1 a la venta 228.000 boletos adicionales a partir del viernes. Casi la mayor parte de la primera entrega de entradas de la Copa Am\u00e9rica, en venta desde inicios de enero, se ha agotado.<\/p>\n<\/div>\n<aside class=\"RightRail\">\n<div id=\"taboola-right-rail-thumbnails\" class=\"top-stories trc_related_container trc_spotlight_widget trc_elastic trc_elastic_organic-thumbnails-rr  tbl-feed-card \" data-placement-name=\"Right Rail Thumbnails\">\n<div class=\"trc_rbox_container\">\n<div>\n<div id=\"trc_wrapper_54009\" class=\"trc_rbox organic-thumbnails-rr trc-content-organic \">\n<div class=\"trc-widget-footer\"><\/div>\n<div class=\"trc_clearer\"><\/div>\n<\/div>\n<\/div>\n<\/div>\n<\/div>\n<div class=\"persistent-ad\"><\/div>\n<\/aside>\n","protected":false},"excerpt":{"rendered":"<p>R\u00cdO DE JANEIRO (AP) \u2014 Brasil no puede quejarse con la benevolencia del sorteo de la Copa Am\u00e9rica. En cambio, la Argentina de Lionel Messi tendr\u00e1 que transitar el trayecto m\u00e1s complicado. En el sorteo realizado el jueves en R\u00edo de Janeiro, Brasil qued\u00f3 instalado en un Grupo A que a primera vista asoma de [&hellip;]<\/p>\n","protected":false},"author":9,"featured_media":47551,"comment_status":"closed","ping_status":"closed","sticky":false,"template":"","format":"standard","meta":[],"categories":[2,60],"tags":[],"acf":[],"_links":{"self":[{"href":"https:\/\/colimdo.org\/wp-api\/wp\/v2\/posts\/47550"}],"collection":[{"href":"https:\/\/colimdo.org\/wp-api\/wp\/v2\/posts"}],"about":[{"href":"https:\/\/colimdo.org\/wp-api\/wp\/v2\/types\/post"}],"author":[{"embeddable":true,"href":"https:\/\/colimdo.org\/wp-api\/wp\/v2\/users\/9"}],"replies":[{"embeddable":true,"href":"https:\/\/colimdo.org\/wp-api\/wp\/v2\/comments?post=47550"}],"version-history":[{"count":1,"href":"https:\/\/colimdo.org\/wp-api\/wp\/v2\/posts\/47550\/revisions"}],"predecessor-version":[{"id":47552,"href":"https:\/\/colimdo.org\/wp-api\/wp\/v2\/posts\/47550\/revisions\/47552"}],"wp:featuredmedia":[{"embeddable":true,"href":"https:\/\/colimdo.org\/wp-api\/wp\/v2\/media\/47551"}],"wp:attachment":[{"href":"https:\/\/colimdo.org\/wp-api\/wp\/v2\/media?parent=47550"}],"wp:term":[{"taxonomy":"category","embeddable":true,"href":"https:\/\/colimdo.org\/wp-api\/wp\/v2\/categories?post=47550"},{"taxonomy":"post_tag","embeddable":true,"href":"https:\/\/colimdo.org\/wp-api\/wp\/v2\/tags?post=47550"}],"curies":[{"name":"wp","href":"https:\/\/api.w.org\/{rel}","templated":true}]}}