{"id":47564,"date":"2019-01-25T13:27:19","date_gmt":"2019-01-25T13:27:19","guid":{"rendered":"https:\/\/colimdo.org\/?p=47564"},"modified":"2019-01-25T13:27:19","modified_gmt":"2019-01-25T13:27:19","slug":"mlb-aconseja-personal-equipos-no-viajar-venezuela","status":"publish","type":"post","link":"https:\/\/colimdo.org\/noticias\/mlb-aconseja-personal-equipos-no-viajar-venezuela\/","title":{"rendered":"MLB aconseja a personal de equipos no viajar a Venezuela"},"content":{"rendered":"<p>ORLANDO, Florida (ESPN) &#8212; El Comisionado de las Grandes Ligas (MLB), Rob Manfred, le recomend\u00f3 al personal de los 30 equipos que componen la liga, incluyendo los de ligas menores, abstenerse hasta nuevo aviso de viajar a Venezuela a ra\u00edz de la crisis que ha impactado al pa\u00eds sudamericano.<\/p>\n<p>&#8220;La Oficina del Comisionado est\u00e1 buscando activamente asesoramiento sobre las implicaciones pol\u00edticas, legales y de seguridad de esta situaci\u00f3n a\u00fan en desarrollo, e informaremos a los clubes de cualquier efecto tan pronto est\u00e9n claros&#8221;, dijo John Blundell, uno de los portavoces de las Grandes Ligas, a ESPN Digital. &#8220;Mientras tanto, aconsejamos al personal de los equipos, en los t\u00e9rminos m\u00e1s en\u00e9rgicos, que cese de inmediato viajar a Venezuela por cualquier motivo&#8221;.<\/p>\n<p>La postura de la liga tendr\u00eda un impacto directo en la participaci\u00f3n de peloteros que integran las plantillas de MLB en la Serie del Caribe, torneo programado originalmente del 2 al 9 de febrero en Barquisimeto, Venezuela.<\/p>\n<p>Las ligas miembros de la Confederaci\u00f3n de B\u00e9isbol Profesional del Caribe (CBPC) habr\u00edan votado el jueves para desistir de organizar la Serie del Caribe del 2019 en Venezuela, a la vez que dejaron abierto un plazo de 24 horas para encontrar una sede alterna de emergencia o cancelar el evento por este a\u00f1o, seg\u00fan indic\u00f3 una fuente de entero cr\u00e9dito a ESPN Digital.<\/p>\n<p>Debido a la incertidumbre, se marcharon del pa\u00eds el jueves los lanzadores norteamericanos Craig Stem y Logan Darnell, de Leones del Caracas, inform\u00f3 el club. Otros jugadores extranjeros y al menos un coach de los Leones tambi\u00e9n saldr\u00edan del pa\u00eds tras solicitar sus bajas.<\/p>\n<p>M\u00e9xico, Rep\u00fablica Dominicana y Panam\u00e1 son algunas de las opciones que se barajan para organizar el evento como sedes de emergencia, aunque de acuerdo al presidente de la Liga Mexicana del Pac\u00edfico ya boricuas, dominicanos y mexicanos habr\u00edan declinado celebrarla.<\/p>\n<p>Por otro lado, el alcalde de Barraquilla, Colombia, Alejandro Char, le dijo a ESPN Digital que le dej\u00f3 saber a la CBPC su disposici\u00f3n de asumir la responsabilidad de organizar el torneo en el estadio Edgar Renter\u00eda.<\/p>\n<p>La protesta general convocada el mi\u00e9rcoles por la oposici\u00f3n contra el gobernante Nicol\u00e1s Maduro se uni\u00f3 a la autoproclamaci\u00f3n del l\u00edder opositor del gobierno oficialista y Venezuela termin\u00f3 el d\u00eda con dos presidentes, lo cual puso en alerta a los organizadores de la Serie del Caribe.<\/p>\n<p>Durante una jornada de movilizaciones masivas, Juan Guaid\u00f3, el presidente de la Asamblea Nacional &#8211;el Parlamento de mayor\u00eda opositora&#8211; se autoproclam\u00f3 como presidente interino de Venezuela, mientras que Maduro reiter\u00f3 su intenci\u00f3n de mantenerse en el poder.<\/p>\n","protected":false},"excerpt":{"rendered":"<p>&#8220;La Oficina del Comisionado est\u00e1 buscando activamente asesoramiento sobre las implicaciones pol\u00edticas, legales y de seguridad de esta situaci\u00f3n a\u00fan en desarrollo, e informaremos a los clubes de cualquier efecto tan pronto est\u00e9n claros&#8221;, dijo John Blundell, uno de los portavoces de las Grandes Ligas, a ESPN Digital.<\/p>\n","protected":false},"author":16,"featured_media":47565,"comment_status":"closed","ping_status":"closed","sticky":false,"template":"","format":"standard","meta":[],"categories":[2,60],"tags":[],"acf":[],"_links":{"self":[{"href":"https:\/\/colimdo.org\/wp-api\/wp\/v2\/posts\/47564"}],"collection":[{"href":"https:\/\/colimdo.org\/wp-api\/wp\/v2\/posts"}],"about":[{"href":"https:\/\/colimdo.org\/wp-api\/wp\/v2\/types\/post"}],"author":[{"embeddable":true,"href":"https:\/\/colimdo.org\/wp-api\/wp\/v2\/users\/16"}],"replies":[{"embeddable":true,"href":"https:\/\/colimdo.org\/wp-api\/wp\/v2\/comments?post=47564"}],"version-history":[{"count":1,"href":"https:\/\/colimdo.org\/wp-api\/wp\/v2\/posts\/47564\/revisions"}],"predecessor-version":[{"id":47566,"href":"https:\/\/colimdo.org\/wp-api\/wp\/v2\/posts\/47564\/revisions\/47566"}],"wp:featuredmedia":[{"embeddable":true,"href":"https:\/\/colimdo.org\/wp-api\/wp\/v2\/media\/47565"}],"wp:attachment":[{"href":"https:\/\/colimdo.org\/wp-api\/wp\/v2\/media?parent=47564"}],"wp:term":[{"taxonomy":"category","embeddable":true,"href":"https:\/\/colimdo.org\/wp-api\/wp\/v2\/categories?post=47564"},{"taxonomy":"post_tag","embeddable":true,"href":"https:\/\/colimdo.org\/wp-api\/wp\/v2\/tags?post=47564"}],"curies":[{"name":"wp","href":"https:\/\/api.w.org\/{rel}","templated":true}]}}