{"id":47567,"date":"2019-01-25T15:20:55","date_gmt":"2019-01-25T15:20:55","guid":{"rendered":"https:\/\/colimdo.org\/?p=47567"},"modified":"2019-01-25T15:20:55","modified_gmt":"2019-01-25T15:20:55","slug":"messi-se-sumo-la-campana-busquen-sala","status":"publish","type":"post","link":"https:\/\/colimdo.org\/noticias\/messi-se-sumo-la-campana-busquen-sala\/","title":{"rendered":"Messi se sum\u00f3 a la campa\u00f1a para que busquen a Sala"},"content":{"rendered":"<p>ESPN. Lionel Messi, la estrella argentina del Barcelona, se sum\u00f3 a la campa\u00f1a para que #NoDejendeBuscar a Emiliano Sala.<\/p>\n<p>Con un posteo en sus redes sociales, el crack rosarino se solidariz\u00f3 con la familia del exgoleador del Nantes y pidi\u00f3 por su b\u00fasqueda, que fue desactivada el jueves en Gran Breta\u00f1a, porque consideran que las posibilidades de encontrarlo con vida &#8220;son extremadamente remotas&#8221;.<\/p>\n<p>La familia y amigos de Sala suplicaron en los medios que se contin\u00fae buscando a Emiliano.<\/p>\n<p>El avi\u00f3n en el que volaba el delantero de Nantes hacia Cardiff desapareci\u00f3 el lunes por la noche y desde entonces no se hall\u00f3 ning\u00fan rastro de la aeronave ni los dos tripulantes.<\/p>\n<p>Varias figuras del mundo del f\u00fatbol ya se sumaron a la campa\u00f1a para que se contin\u00fae buscando.<\/p>\n","protected":false},"excerpt":{"rendered":"<p>Con un posteo en sus redes sociales, el crack rosarino se solidariz\u00f3 con la familia del exgoleador del Nantes y pidi\u00f3 por su b\u00fasqueda, que fue desactivada el jueves en Gran Breta\u00f1a, porque consideran que las posibilidades de encontrarlo con vida &#8220;son extremadamente remotas&#8221;.<\/p>\n","protected":false},"author":16,"featured_media":47568,"comment_status":"closed","ping_status":"closed","sticky":false,"template":"","format":"standard","meta":[],"categories":[2,60],"tags":[],"acf":[],"_links":{"self":[{"href":"https:\/\/colimdo.org\/wp-api\/wp\/v2\/posts\/47567"}],"collection":[{"href":"https:\/\/colimdo.org\/wp-api\/wp\/v2\/posts"}],"about":[{"href":"https:\/\/colimdo.org\/wp-api\/wp\/v2\/types\/post"}],"author":[{"embeddable":true,"href":"https:\/\/colimdo.org\/wp-api\/wp\/v2\/users\/16"}],"replies":[{"embeddable":true,"href":"https:\/\/colimdo.org\/wp-api\/wp\/v2\/comments?post=47567"}],"version-history":[{"count":1,"href":"https:\/\/colimdo.org\/wp-api\/wp\/v2\/posts\/47567\/revisions"}],"predecessor-version":[{"id":47569,"href":"https:\/\/colimdo.org\/wp-api\/wp\/v2\/posts\/47567\/revisions\/47569"}],"wp:featuredmedia":[{"embeddable":true,"href":"https:\/\/colimdo.org\/wp-api\/wp\/v2\/media\/47568"}],"wp:attachment":[{"href":"https:\/\/colimdo.org\/wp-api\/wp\/v2\/media?parent=47567"}],"wp:term":[{"taxonomy":"category","embeddable":true,"href":"https:\/\/colimdo.org\/wp-api\/wp\/v2\/categories?post=47567"},{"taxonomy":"post_tag","embeddable":true,"href":"https:\/\/colimdo.org\/wp-api\/wp\/v2\/tags?post=47567"}],"curies":[{"name":"wp","href":"https:\/\/api.w.org\/{rel}","templated":true}]}}