{"id":47598,"date":"2019-01-26T00:19:18","date_gmt":"2019-01-26T00:19:18","guid":{"rendered":"https:\/\/colimdo.org\/?p=47598"},"modified":"2019-01-26T00:19:51","modified_gmt":"2019-01-26T00:19:51","slug":"estrellas-orientales-haran-desfile-campeones-este-sabado","status":"publish","type":"post","link":"https:\/\/colimdo.org\/noticias\/estrellas-orientales-haran-desfile-campeones-este-sabado\/","title":{"rendered":"Estrellas Orientales har\u00e1n desfile de campeones este s\u00e1bado"},"content":{"rendered":"<p><strong>SAN PEDRO DE MACOR\u00cdS.<\/strong>&#8211; El equipo Estrellas Orientales celebrar\u00e1 este s\u00e1bado el tradicional desfile de campe\u00f3n del torneo de b\u00e9isbol profesional dominicano, a las 3:30 p.m., desde el Estadio Tetelo Vargas y concluir\u00e1 en el malec\u00f3n de esta ciudad.<\/p>\n<p>Al concluir el desfile habr\u00e1 una fiesta popular, con varias orquestas, inform\u00f3 la licenciada Winnifer Vizca\u00edno, encargada de mercadeo del club.<\/p>\n<p>Un dispositivo de seguridad ha sido dise\u00f1ado para la ocasi\u00f3n, con la coordinaci\u00f3n conjunta de varios organismos del Estado, manifest\u00f3 el licenciado Pavel Aguil\u00f3, director de comercializaci\u00f3n.<\/p>\n<p>Asimismo, Aguil\u00f3 indic\u00f3 que detalles del desfile y la fiesta ser\u00e1n transmitidos por Diqgital 15.<\/p>\n","protected":false},"excerpt":{"rendered":"<p>La celebraci\u00f3n partir\u00e1 a las 3:00 de la tarde desde el Estadio Tetelo Vargas e incluir\u00e1 un recorrido por las calles y avenidas de la ciudad y concluir\u00e1 en el Malec\u00f3n de SPM.<\/p>\n","protected":false},"author":13,"featured_media":47599,"comment_status":"closed","ping_status":"closed","sticky":false,"template":"","format":"standard","meta":[],"categories":[2],"tags":[],"acf":[],"_links":{"self":[{"href":"https:\/\/colimdo.org\/wp-api\/wp\/v2\/posts\/47598"}],"collection":[{"href":"https:\/\/colimdo.org\/wp-api\/wp\/v2\/posts"}],"about":[{"href":"https:\/\/colimdo.org\/wp-api\/wp\/v2\/types\/post"}],"author":[{"embeddable":true,"href":"https:\/\/colimdo.org\/wp-api\/wp\/v2\/users\/13"}],"replies":[{"embeddable":true,"href":"https:\/\/colimdo.org\/wp-api\/wp\/v2\/comments?post=47598"}],"version-history":[{"count":1,"href":"https:\/\/colimdo.org\/wp-api\/wp\/v2\/posts\/47598\/revisions"}],"predecessor-version":[{"id":47600,"href":"https:\/\/colimdo.org\/wp-api\/wp\/v2\/posts\/47598\/revisions\/47600"}],"wp:featuredmedia":[{"embeddable":true,"href":"https:\/\/colimdo.org\/wp-api\/wp\/v2\/media\/47599"}],"wp:attachment":[{"href":"https:\/\/colimdo.org\/wp-api\/wp\/v2\/media?parent=47598"}],"wp:term":[{"taxonomy":"category","embeddable":true,"href":"https:\/\/colimdo.org\/wp-api\/wp\/v2\/categories?post=47598"},{"taxonomy":"post_tag","embeddable":true,"href":"https:\/\/colimdo.org\/wp-api\/wp\/v2\/tags?post=47598"}],"curies":[{"name":"wp","href":"https:\/\/api.w.org\/{rel}","templated":true}]}}