{"id":47613,"date":"2019-01-26T17:07:05","date_gmt":"2019-01-26T17:07:05","guid":{"rendered":"https:\/\/colimdo.org\/?p=47613"},"modified":"2019-01-26T17:07:05","modified_gmt":"2019-01-26T17:07:05","slug":"nueva-directiva-la-fenapepro-toma-posesion","status":"publish","type":"post","link":"https:\/\/colimdo.org\/noticias\/nueva-directiva-la-fenapepro-toma-posesion\/","title":{"rendered":"Nueva directiva de la Fenapepro toma posesi\u00f3n"},"content":{"rendered":"<p>La Junta Directiva de la Federaci\u00f3n Nacional de Peloteros Profesionales (FENAPEPRO), electa en los comicios celebrados el pasado 4 de enero, tom\u00f3 posesi\u00f3n en la ma\u00f1ana de este viernes, en un acto celebrado en las instalaciones de la Casa Museo del Pelotero Profesional.<\/p>\n<p>La entrega de los activos e instalaciones de la entidad estuvo a cargo del pasado presidente renunciante, Mario Melvin Soto, quien recibi\u00f3 mandato para ello de los ex directivos Miguel -Guelo- Dilon\u00e9, Jos\u00e9 -Makey- Moreno, Domingo Ramos, Adriano Rodr\u00edguez y F\u00e9lix Ferm\u00edn.<\/p>\n<p>Soto, acompa\u00f1ado del abogado de la FENAPEPRO, licenciado Jos\u00e9 Eliseo Alm\u00e1nzar Garc\u00eda, hizo entrega de los t\u00edtulos de propiedad del inmueble que alberga la Casa Museo y de un terreno adquirido por la Federaci\u00f3n en Santo Domingo Este, de los certificados de dep\u00f3sitos financieros, estados de cuentas, relaci\u00f3n de los empleados y de los listados de exjugadores pensionados y que poseen seguros m\u00e9dicos.<\/p>\n<p>Los documentos fueron recibidos por el nuevo presidente de la entidad, Erick Almonte, el vicepresidente Julio Lugo, el tesorero Quilvio Veras y el secretario Esteban Germ\u00e1n, quienes estuvieron acompa\u00f1ados de su asesor legal, Julio C\u00e9sar De la Rosa Peralta y su abogado, licenciado, Julio C\u00e9sar De la Rosa Tiburcio.<\/p>\n<p>Adem\u00e1s, de la Casa Museo de Peloteros Profesionales, la nueva directiva recibi\u00f3 tambi\u00e9n las instalaciones que alojan las oficinas administrativas de la FENAPEPRO, en la segunda planta del Estadio Quisqueya Juan Marichal.<\/p>\n<p>De inmediato, Almonte inici\u00f3 sus labores para continuar los trabajos de la Federaci\u00f3n en lo relativo a la participaci\u00f3n del gremio en la Serie del Caribe, donde ostenta la presidencia de la Confederaci\u00f3n de Peloteros Profesionales del Caribe (CONPEPROCA).<\/p>\n<p>Almonte declar\u00f3 que a partir del lunes se inicia una nueva etapa en la Federaci\u00f3n, para continuar con la labor realizada por su presidente saliente, al tiempo de reconocer el arduo trabajo realizado por Soto.<\/p>\n","protected":false},"excerpt":{"rendered":"<p>La Junta Directiva de la Federaci\u00f3n Nacional de Peloteros Profesionales (FENAPEPRO), electa en los comicios celebrados el pasado 4 de enero, tom\u00f3 posesi\u00f3n en la ma\u00f1ana de este viernes, en un acto celebrado en las instalaciones de la Casa Museo del Pelotero Profesional. La entrega de los activos e instalaciones de la entidad estuvo a [&hellip;]<\/p>\n","protected":false},"author":9,"featured_media":47614,"comment_status":"closed","ping_status":"closed","sticky":false,"template":"","format":"standard","meta":[],"categories":[2,60],"tags":[],"acf":[],"_links":{"self":[{"href":"https:\/\/colimdo.org\/wp-api\/wp\/v2\/posts\/47613"}],"collection":[{"href":"https:\/\/colimdo.org\/wp-api\/wp\/v2\/posts"}],"about":[{"href":"https:\/\/colimdo.org\/wp-api\/wp\/v2\/types\/post"}],"author":[{"embeddable":true,"href":"https:\/\/colimdo.org\/wp-api\/wp\/v2\/users\/9"}],"replies":[{"embeddable":true,"href":"https:\/\/colimdo.org\/wp-api\/wp\/v2\/comments?post=47613"}],"version-history":[{"count":1,"href":"https:\/\/colimdo.org\/wp-api\/wp\/v2\/posts\/47613\/revisions"}],"predecessor-version":[{"id":47615,"href":"https:\/\/colimdo.org\/wp-api\/wp\/v2\/posts\/47613\/revisions\/47615"}],"wp:featuredmedia":[{"embeddable":true,"href":"https:\/\/colimdo.org\/wp-api\/wp\/v2\/media\/47614"}],"wp:attachment":[{"href":"https:\/\/colimdo.org\/wp-api\/wp\/v2\/media?parent=47613"}],"wp:term":[{"taxonomy":"category","embeddable":true,"href":"https:\/\/colimdo.org\/wp-api\/wp\/v2\/categories?post=47613"},{"taxonomy":"post_tag","embeddable":true,"href":"https:\/\/colimdo.org\/wp-api\/wp\/v2\/tags?post=47613"}],"curies":[{"name":"wp","href":"https:\/\/api.w.org\/{rel}","templated":true}]}}