{"id":47616,"date":"2019-01-26T17:33:28","date_gmt":"2019-01-26T17:33:28","guid":{"rendered":"https:\/\/colimdo.org\/?p=47616"},"modified":"2019-01-26T17:33:28","modified_gmt":"2019-01-26T17:33:28","slug":"numero-29-beltre-sera-retirado-los-vigilantes-texas","status":"publish","type":"post","link":"https:\/\/colimdo.org\/noticias\/numero-29-beltre-sera-retirado-los-vigilantes-texas\/","title":{"rendered":"N\u00famero 29 de Beltr\u00e9 ser\u00e1 retirado por los Vigilantes de Texas"},"content":{"rendered":"<p>ARLINGTON &#8211; El n\u00famero 29 ser\u00e1 retirado en Texas.<\/p>\n<p>Los Rangers anunciaron el viernes que le rendir\u00e1n homenaje de esa manera al dominicano Adri\u00e1n Beltr\u00e9 en junio, como parte de los eventos para conmemorar la \u00faltima temporada del equipo en el Globe Life Park. El anuncio fue hecho por el ex integrante del club, Michael Young, en el evento Winter Warmup.<\/p>\n<p>Beltr\u00e9 visti\u00f3 el n\u00famero 29 en ocho temporadas con los Rangers antes de anunciar su retiro como jugador activo en noviembre.<\/p>\n<p>&#8220;Los Rangers est\u00e1n orgullosos y honrados de poder hacer este anuncio esta noche&#8221;, dijo el copropietario del equipo Ray Davis. &#8220;Esta franquicia y sus fan\u00e1ticos tuvieron el privilegio de presenciar los \u00faltimos ocho a\u00f1os de una carrera digna del Sal\u00f3n de la Fama, como la de Adri\u00e1n Beltr\u00e9. Siendo el 2019 el \u00faltimo a\u00f1o en el Globe Life Park nos pareci\u00f3 apropiado retirar el n\u00famero en el parque en donde brill\u00f3 Adri\u00e1n&#8221;.<\/p>\n<p>Ser\u00e1 el cuarto n\u00famero retirado por los Rangers, junto con el de Nolan Ryan (34), el puertorrique\u00f1o Iv\u00e1n Rodr\u00edguez (7) y el manager Johnny Oates (26), adem\u00e1s del tambi\u00e9n retirado uniforme de Jackie Robinson (42).<\/p>\n<p><strong>MLB.com<\/strong><\/p>\n","protected":false},"excerpt":{"rendered":"<p>ARLINGTON &#8211; El n\u00famero 29 ser\u00e1 retirado en Texas. Los Rangers anunciaron el viernes que le rendir\u00e1n homenaje de esa manera al dominicano Adri\u00e1n Beltr\u00e9 en junio, como parte de los eventos para conmemorar la \u00faltima temporada del equipo en el Globe Life Park. El anuncio fue hecho por el ex integrante del club, Michael [&hellip;]<\/p>\n","protected":false},"author":9,"featured_media":47617,"comment_status":"closed","ping_status":"closed","sticky":false,"template":"","format":"standard","meta":[],"categories":[2,60],"tags":[],"acf":[],"_links":{"self":[{"href":"https:\/\/colimdo.org\/wp-api\/wp\/v2\/posts\/47616"}],"collection":[{"href":"https:\/\/colimdo.org\/wp-api\/wp\/v2\/posts"}],"about":[{"href":"https:\/\/colimdo.org\/wp-api\/wp\/v2\/types\/post"}],"author":[{"embeddable":true,"href":"https:\/\/colimdo.org\/wp-api\/wp\/v2\/users\/9"}],"replies":[{"embeddable":true,"href":"https:\/\/colimdo.org\/wp-api\/wp\/v2\/comments?post=47616"}],"version-history":[{"count":1,"href":"https:\/\/colimdo.org\/wp-api\/wp\/v2\/posts\/47616\/revisions"}],"predecessor-version":[{"id":47618,"href":"https:\/\/colimdo.org\/wp-api\/wp\/v2\/posts\/47616\/revisions\/47618"}],"wp:featuredmedia":[{"embeddable":true,"href":"https:\/\/colimdo.org\/wp-api\/wp\/v2\/media\/47617"}],"wp:attachment":[{"href":"https:\/\/colimdo.org\/wp-api\/wp\/v2\/media?parent=47616"}],"wp:term":[{"taxonomy":"category","embeddable":true,"href":"https:\/\/colimdo.org\/wp-api\/wp\/v2\/categories?post=47616"},{"taxonomy":"post_tag","embeddable":true,"href":"https:\/\/colimdo.org\/wp-api\/wp\/v2\/tags?post=47616"}],"curies":[{"name":"wp","href":"https:\/\/api.w.org\/{rel}","templated":true}]}}