{"id":47619,"date":"2019-01-26T21:35:16","date_gmt":"2019-01-26T21:35:16","guid":{"rendered":"https:\/\/colimdo.org\/?p=47619"},"modified":"2019-01-26T21:35:16","modified_gmt":"2019-01-26T21:35:16","slug":"psg-la-espera-diagnostico-definitivo-neymar","status":"publish","type":"post","link":"https:\/\/colimdo.org\/noticias\/psg-la-espera-diagnostico-definitivo-neymar\/","title":{"rendered":"PSG a la espera por diagn\u00f3stico definitivo sobre Neymar"},"content":{"rendered":"<p>PAR\u00cdS (AP) \u2014 Neymar deber\u00e1 someterse a pruebas m\u00e9dicas adicionales la pr\u00f3xima semana para determinar el mejor tratamiento para su lesi\u00f3n m\u00e1s reciente en el pie derecho, y establecer cu\u00e1nto tiempo durar\u00e1 su baja.<\/p>\n<p>El delantero brasile\u00f1o del Paris Saint-Germain se lesion\u00f3 en un partido de la Copa de Francia ante Estrasburgo el mi\u00e9rcoles. Las pruebas iniciales arrojaron que volvi\u00f3 a lesionarse el quinto metatarsiano del pie derecho, el cual se fractur\u00f3 exactamente hace un a\u00f1o en un partido ante Marsella.<\/p>\n<p>\u201cHa empezado a recibir tratamiento, vamos a tener que esperar hasta la pr\u00f3xima semana. Su tratamiento depender\u00e1 de la evoluci\u00f3n de la lesi\u00f3n en los pr\u00f3ximos d\u00edas\u201d, dijo el t\u00e9cnico del PSG Thomas Tuchel el s\u00e1bado en una rueda de prensa previo al partido del domingo ante Rennes. \u201cEs demasiado prematuro\u201d.<\/p>\n<p>Se trata de la tercera lesi\u00f3n que padece Neymar en el \u00faltimo a\u00f1o.<\/p>\n<p>En febrero del a\u00f1o pasado, Neymar se fractur\u00f3 el quinto metatarsiano del pie derecho, y termin\u00f3 oper\u00e1ndose en su natal Brasil. Aunque se recuper\u00f3 a tiempo para la Copa Mundial, no alcanz\u00f3 su mejor nivel en Rusia. Posteriormente, Neymar tuvo que ser reemplazado por una dolencia en la ingle en el amistoso que Brasil disput\u00f3 contra Camer\u00fan el 20 de noviembre.<\/p>\n<p>La cita inmediata m\u00e1s transcendental del PSG ser\u00e1 el choque contra el revitalizado Manchester United, el 12 de febrero, con la ida de los octavos de final de la Liga de Campeones.<\/p>\n<p>No es el \u00fanico lesionado que tiene en ascuas a Tuche. El l\u00edder de la liga francesa tambi\u00e9n tiene en enfermer\u00eda al volante italiano Marco Verratti.<\/p>\n<p>\u201cEl hecho que Neymar y Marco est\u00e9n lesionados es algo funesto para nosotros\u201d, dijo Tuchel. \u201cNecesitamos encontrar soluciones, en lo colectivo, para poder seguir ganando\u201d.<\/p>\n<p>Tuchel esquiv\u00f3 conversar con Neymar sobre su lesi\u00f3n cuando se encontr\u00f3 el atacante el viernes, al advertir que lo not\u00f3 \u201ctriste\u201d.<\/p>\n<p>El t\u00e9cnico recibi\u00f3 algo de buenas noticias sobre Verratti, quien se lastim\u00f3 el tobillo en un partido ante Guingamp el s\u00e1bado pasado. Verratti, un jugador propenso a lesionarse, ha vuelto a trotar ligeramente.<\/p>\n<p>Una victoria de local ante Rennes dejar\u00eda al PSG con una diferencia de 13 puntos sobre su escolta Lille, y el PSG tiene dos partidos pendientes.<\/p>\n<p>Aparte de lidiar con las lesiones, el PSG busca reforzarse con otro volante.<\/p>\n<p>La prensa francesa inform\u00f3 que el PSG habr\u00eda cerrado un acuerdo para ficha al mediocampista argentino Leandro Paredes del club ruso Zenit de San Petersburgo por 47 millones de euros (54 millones de d\u00f3lares). Pero Tuchel dijo que Paredes a\u00fan no es parte del club.<\/p>\n<p>\u201cA\u00fan no est\u00e1 hecho, y es por eso que no quiero hablar demasiado sobre Leandro\u201d, dijo Tuchel. \u201cQueremos completar la transferencia este fin de semana\u201d.<\/p>\n<p>El PSG tambi\u00e9n ha sonado como destino para el volante senegal\u00e9s Idrissa Gueye del Everton de la Liga Premier.<\/p>\n","protected":false},"excerpt":{"rendered":"<p>PAR\u00cdS (AP) \u2014 Neymar deber\u00e1 someterse a pruebas m\u00e9dicas adicionales la pr\u00f3xima semana para determinar el mejor tratamiento para su lesi\u00f3n m\u00e1s reciente en el pie derecho, y establecer cu\u00e1nto tiempo durar\u00e1 su baja. El delantero brasile\u00f1o del Paris Saint-Germain se lesion\u00f3 en un partido de la Copa de Francia ante Estrasburgo el mi\u00e9rcoles. Las [&hellip;]<\/p>\n","protected":false},"author":9,"featured_media":47620,"comment_status":"closed","ping_status":"closed","sticky":false,"template":"","format":"standard","meta":[],"categories":[2,60],"tags":[],"acf":[],"_links":{"self":[{"href":"https:\/\/colimdo.org\/wp-api\/wp\/v2\/posts\/47619"}],"collection":[{"href":"https:\/\/colimdo.org\/wp-api\/wp\/v2\/posts"}],"about":[{"href":"https:\/\/colimdo.org\/wp-api\/wp\/v2\/types\/post"}],"author":[{"embeddable":true,"href":"https:\/\/colimdo.org\/wp-api\/wp\/v2\/users\/9"}],"replies":[{"embeddable":true,"href":"https:\/\/colimdo.org\/wp-api\/wp\/v2\/comments?post=47619"}],"version-history":[{"count":1,"href":"https:\/\/colimdo.org\/wp-api\/wp\/v2\/posts\/47619\/revisions"}],"predecessor-version":[{"id":47621,"href":"https:\/\/colimdo.org\/wp-api\/wp\/v2\/posts\/47619\/revisions\/47621"}],"wp:featuredmedia":[{"embeddable":true,"href":"https:\/\/colimdo.org\/wp-api\/wp\/v2\/media\/47620"}],"wp:attachment":[{"href":"https:\/\/colimdo.org\/wp-api\/wp\/v2\/media?parent=47619"}],"wp:term":[{"taxonomy":"category","embeddable":true,"href":"https:\/\/colimdo.org\/wp-api\/wp\/v2\/categories?post=47619"},{"taxonomy":"post_tag","embeddable":true,"href":"https:\/\/colimdo.org\/wp-api\/wp\/v2\/tags?post=47619"}],"curies":[{"name":"wp","href":"https:\/\/api.w.org\/{rel}","templated":true}]}}