{"id":47625,"date":"2019-01-27T05:06:51","date_gmt":"2019-01-27T05:06:51","guid":{"rendered":"https:\/\/colimdo.org\/?p=47625"},"modified":"2019-01-27T05:06:51","modified_gmt":"2019-01-27T05:06:51","slug":"se-acerca-debut-eloy-jimenez-los-medias-blancas","status":"publish","type":"post","link":"https:\/\/colimdo.org\/noticias\/se-acerca-debut-eloy-jimenez-los-medias-blancas\/","title":{"rendered":"Se acerca el debut de Eloy Jim\u00e9nez con los Medias Blancas"},"content":{"rendered":"<p>CHICAGO (AP) \u2014 Eloy Jim\u00e9nez se acerca. El prospecto dominicano quiz\u00e1s no quede en la n\u00f3mina de los Medias Blancas de Chicago al iniciar la temporada regular, pero su esperado debut en Grades Liga no est\u00e1 lejos.<\/p>\n<p>Y no parece intimidarse por todo el bombo que le rodea.<\/p>\n<p>\u201cBusco ser uno de los mejores de la liga. Esa es mi expectativa\u201d, afirm\u00f3 Jim\u00e9nez.<\/p>\n<p>Mientras los Medias Blancas aguardan noticias sobre los fichajes de los agentes libres Manny Machado y Bryce Harper, est\u00e1n convencidos que uno de los grandes toleteros del futuro est\u00e1 por hacerse sentir en el sur de Chicago.<\/p>\n<p>Jim\u00e9nez podr\u00eda iniciar la campa\u00f1a con la sucursal de Triple-A en Charlotte con el fin de a\u00f1adirle un a\u00f1o adicional de control contractual, pero lo m\u00e1s probable es que su estancia ah\u00ed ser\u00e1 breve.<\/p>\n<p>\u201cTenemos a Eloy en un pedestal. Su futuro es inmenso\u201d, se\u00f1al\u00f3 el gerente Rick Hahn el viernes antes de dar inicio a la convenci\u00f3n anual de fan\u00e1ticos del equipo.<\/p>\n<p>Eso es f\u00e1cil de entender.<\/p>\n<p>Jim\u00e9nez, de 22 a\u00f1os, bate\u00f3 para.317 con 10 jonrones y 42 impulsadas en la filial de Birmingham en Doble-A la pasada temporada antes de ascender a Charlotte. Rindi\u00f3 mejor con los Knights al acumular promedio de .355 con 12 jonrones y 33 carreras producidas en 55 juegos.<\/p>\n<p>Mientras Jim\u00e9nez vapuleaba a los pitchers en ligas menores, Chicago termin\u00f3 con marca de 62-100, su sexta temporada consecutiva con saldo negativo. Jim\u00e9nez asegura que puede jugar en las mayores ahora mismo, pero que sabe que esa decisi\u00f3n no est\u00e1 en sus manos.<\/p>\n<p>\u201cNo quiero apresurarme\u201d, dijo el pelotero de 1,93 metros (seis pies y cuatro pulgadas) de estatura y 93 kilogramos (205 libras) de peso. \u201cNo quiero apresurar mi aprendizaje. Cuando llegue el momento, ah\u00ed estar\u00e9. Y voy a estar listo para dar lo mejor que pueda\u201d.<\/p>\n<p>Jim\u00e9nez inici\u00f3 su carrera profesional con los Cachorros, el otro equipo de Chicago, al firmar como agente libre internacional en 2013. Tanto \u00e9l como el derecho Dylan Cease, otro prospecto importante, fueron adquiridos por los Medias Blancas en el canje de julio de 2017 que llev\u00f3 al zurdo venezolano Jos\u00e9 Quintana al norte de la ciudad.<\/p>\n<p>El inusual acuerdo entre equipos de la llamada \u201cCiudad de los Vientos\u201d ser\u00e1 acaloradamente debatido en los a\u00f1os venideros, pero Jim\u00e9nez est\u00e1 enfocado en sus potenciales \u00e1reas de crecimiento.<\/p>\n<p>\u201cHa estado trabajando en mi defensiva\u201d, asever\u00f3 el jardinero. \u201cQuiero ser un jugador completo, no s\u00f3lo batear. Tambi\u00e9n quiero jugar en la defensa, pus no quiero batear como designado\u201d.<\/p>\n<p>Jim\u00e9nez adem\u00e1s ha estado mejorando su fuerza y condici\u00f3n f\u00edsica despu\u00e9s de haberse visto afectado por lesiones. Sufri\u00f3 una tendinitis en la r\u00f3tula de la rodilla izquierda y un leve esguince en el m\u00fasculo pectoral al inicio de la temporada pasada.<\/p>\n<p>El dominicano atribuy\u00f3 algunas de sus lesiones a la mala suerte.<\/p>\n<p>\u201cNo lo s\u00e9, son cosas que simplemente suceden\u201d, dijo. \u201cHe estado trabajando muy duro a\u00f1o con a\u00f1o. Y eso no lo puedo controlar. Cuando me encuentro sano, trato de dar lo mejor\u201d.<\/p>\n","protected":false},"excerpt":{"rendered":"<p>CHICAGO (AP) \u2014 Eloy Jim\u00e9nez se acerca. El prospecto dominicano quiz\u00e1s no quede en la n\u00f3mina de los Medias Blancas de Chicago al iniciar la temporada regular, pero su esperado debut en Grades Liga no est\u00e1 lejos. Y no parece intimidarse por todo el bombo que le rodea. \u201cBusco ser uno de los mejores de [&hellip;]<\/p>\n","protected":false},"author":9,"featured_media":47626,"comment_status":"closed","ping_status":"closed","sticky":false,"template":"","format":"standard","meta":[],"categories":[2,60],"tags":[],"acf":[],"_links":{"self":[{"href":"https:\/\/colimdo.org\/wp-api\/wp\/v2\/posts\/47625"}],"collection":[{"href":"https:\/\/colimdo.org\/wp-api\/wp\/v2\/posts"}],"about":[{"href":"https:\/\/colimdo.org\/wp-api\/wp\/v2\/types\/post"}],"author":[{"embeddable":true,"href":"https:\/\/colimdo.org\/wp-api\/wp\/v2\/users\/9"}],"replies":[{"embeddable":true,"href":"https:\/\/colimdo.org\/wp-api\/wp\/v2\/comments?post=47625"}],"version-history":[{"count":1,"href":"https:\/\/colimdo.org\/wp-api\/wp\/v2\/posts\/47625\/revisions"}],"predecessor-version":[{"id":47627,"href":"https:\/\/colimdo.org\/wp-api\/wp\/v2\/posts\/47625\/revisions\/47627"}],"wp:featuredmedia":[{"embeddable":true,"href":"https:\/\/colimdo.org\/wp-api\/wp\/v2\/media\/47626"}],"wp:attachment":[{"href":"https:\/\/colimdo.org\/wp-api\/wp\/v2\/media?parent=47625"}],"wp:term":[{"taxonomy":"category","embeddable":true,"href":"https:\/\/colimdo.org\/wp-api\/wp\/v2\/categories?post=47625"},{"taxonomy":"post_tag","embeddable":true,"href":"https:\/\/colimdo.org\/wp-api\/wp\/v2\/tags?post=47625"}],"curies":[{"name":"wp","href":"https:\/\/api.w.org\/{rel}","templated":true}]}}