{"id":47628,"date":"2019-01-27T05:12:57","date_gmt":"2019-01-27T05:12:57","guid":{"rendered":"https:\/\/colimdo.org\/?p=47628"},"modified":"2019-01-27T05:27:02","modified_gmt":"2019-01-27T05:27:02","slug":"san-pedro-macoris-celebra-grande-la-corona-las-estrellas","status":"publish","type":"post","link":"https:\/\/colimdo.org\/noticias\/san-pedro-macoris-celebra-grande-la-corona-las-estrellas\/","title":{"rendered":"San Pedro de Macor\u00eds celebra en grande la corona de las Estrellas"},"content":{"rendered":"<p>El triunfo se celebra, se goza, se disfruta, y en esta ocasi\u00f3n tuvo sabor a melao, a ca\u00f1a de az\u00facar, y as\u00ed lo celebraron los directivos de las Estrellas Orientales, sus jugadores y el pueblo de San Pedro de Macor\u00eds.<\/p>\n<p>Una caravana de bicicletas, motores, carros, yipetas, guaguas y patanas recorri\u00f3 sectores y calles del Macor\u00eds del Mar, recibiendo los v\u00edctores de quienes desde sus viviendas tambi\u00e9n celebraban con sus familiares.<\/p>\n<p>El malec\u00f3n de San Pedro de Macor\u00eds fue la parada donde, desde las 8:00 de la noche, inici\u00f3 una fiesta amenizada por 12 grupos musicales.<\/p>\n<p>A Fernando Tatis, nativo de San Pedro, le toc\u00f3 ser dirigente de los campeones, que terminaron su caravana triunfal en el malec\u00f3n, destino obligado esta noche de la fan\u00e1ticada oriental.<\/p>\n<p>Su presidente Jos\u00e9 Mallen encabez\u00f3 el desfile que transcurri\u00f3 sin mayor novedad que los taponamientos, que fueron aplaudidos por quienes, sin estar en el desfile, se identificaron con \u00e9l.<\/p>\n<p>El que Vladimir Guerrero estuviera en la caravana fue visto como normal, ya que a \u00e9l estuvo dedicado el cl\u00e1sico y como anexo fue parte de ese conjunto y jug\u00f3 la temporada donde coincidieron Alfonso Soriano, F\u00e9lix Jos\u00e9, Julio C\u00e9sar Franco y Pedro Julio Astacio, entre otros.<\/p>\n<p>El s\u00e1bado es el tercer d\u00eda de los cinco que la Sala Capitular declar\u00f3 de j\u00fabilo por la victoria.<\/p>\n<p>Desde temprano se observ\u00f3 el ambiente festivo de los petromacorisanos, que mucho antes de la hora convocada estuvieron reunidos para el recorrido que incluy\u00f3 los barrios, M\u00e9xico, Villa Ol\u00edmpica, Restauraci\u00f3n, La Flores, Casino Puerto Pe\u00f1a, Loma del Cochero, Los Maestros y Presidente entre otros, hasta terminar en Miramar.<\/p>\n<p>Tres agrupaciones iniciaron la fiesta, ante que Miguel San\u00f3 agradeciera a Dios y Tatis, el dirigente, pudiera de rodillas que agradecieran al Todopoderoso por el triunfo despu\u00e9s de 50 a\u00f1os.<\/p>\n<p>En t\u00e9rminos parecidos se pronunciaron Jos\u00e9 Sir\u00ed y Fernando Tatis III.<\/p>\n<p>\u201cEsto es un gran equipo, me siento identificado por el calor de su gente, gracias por la oportunidad de ser campe\u00f3n\u201c, indic\u00f3 Sir\u00ed.<\/p>\n<p><strong>DIARIO LIBRE<\/strong><\/p>\n<p>&nbsp;<\/p>\n","protected":false},"excerpt":{"rendered":"<p>El triunfo se celebra, se goza, se disfruta, y en esta ocasi\u00f3n tuvo sabor a melao, a ca\u00f1a de az\u00facar, y as\u00ed lo celebraron los directivos de las Estrellas Orientales, sus jugadores y el pueblo de San Pedro de Macor\u00eds. Una caravana de bicicletas, motores, carros, yipetas, guaguas y patanas recorri\u00f3 sectores y calles del [&hellip;]<\/p>\n","protected":false},"author":9,"featured_media":47629,"comment_status":"closed","ping_status":"closed","sticky":false,"template":"","format":"standard","meta":[],"categories":[2,60],"tags":[],"acf":[],"_links":{"self":[{"href":"https:\/\/colimdo.org\/wp-api\/wp\/v2\/posts\/47628"}],"collection":[{"href":"https:\/\/colimdo.org\/wp-api\/wp\/v2\/posts"}],"about":[{"href":"https:\/\/colimdo.org\/wp-api\/wp\/v2\/types\/post"}],"author":[{"embeddable":true,"href":"https:\/\/colimdo.org\/wp-api\/wp\/v2\/users\/9"}],"replies":[{"embeddable":true,"href":"https:\/\/colimdo.org\/wp-api\/wp\/v2\/comments?post=47628"}],"version-history":[{"count":3,"href":"https:\/\/colimdo.org\/wp-api\/wp\/v2\/posts\/47628\/revisions"}],"predecessor-version":[{"id":47632,"href":"https:\/\/colimdo.org\/wp-api\/wp\/v2\/posts\/47628\/revisions\/47632"}],"wp:featuredmedia":[{"embeddable":true,"href":"https:\/\/colimdo.org\/wp-api\/wp\/v2\/media\/47629"}],"wp:attachment":[{"href":"https:\/\/colimdo.org\/wp-api\/wp\/v2\/media?parent=47628"}],"wp:term":[{"taxonomy":"category","embeddable":true,"href":"https:\/\/colimdo.org\/wp-api\/wp\/v2\/categories?post=47628"},{"taxonomy":"post_tag","embeddable":true,"href":"https:\/\/colimdo.org\/wp-api\/wp\/v2\/tags?post=47628"}],"curies":[{"name":"wp","href":"https:\/\/api.w.org\/{rel}","templated":true}]}}