{"id":47653,"date":"2019-01-28T04:14:58","date_gmt":"2019-01-28T04:14:58","guid":{"rendered":"https:\/\/colimdo.org\/?p=47653"},"modified":"2019-01-28T04:14:58","modified_gmt":"2019-01-28T04:14:58","slug":"retiran-venezuela-sede-la-serie-del-caribe","status":"publish","type":"post","link":"https:\/\/colimdo.org\/noticias\/retiran-venezuela-sede-la-serie-del-caribe\/","title":{"rendered":"Retiran a Venezuela como sede de la Serie del Caribe"},"content":{"rendered":"<p>CARACAS (AP) \u2014 La Confederaci\u00f3n de B\u00e9isbol Profesional del Caribe (CBPC) anunci\u00f3 el domingo que decidi\u00f3 retirar la edici\u00f3n de este a\u00f1o de la Serie del Caribe a la ciudad venezolana de Barquisimeto debido a la escalada de las tensiones pol\u00edticas en el pa\u00eds suramericano y la ruptura de relaciones entre Caracas y Washington.<\/p>\n<p>La oficina del comisionado de la organizaci\u00f3n inform\u00f3 en un comunicado que el evento se realizar\u00e1 del 4 y 9 de febrero en una \u201csede alterna emergente\u201d que ser\u00e1 anunciada pr\u00f3ximamente.<\/p>\n<p>Al explicar las razones que llevaron a la CBPC al tomar la decisi\u00f3n, se indic\u00f3 como uno de los argumentos la situaci\u00f3n de tensi\u00f3n pol\u00edtica que enfrenta Venezuela reconocida por el Ejecutivo que ha denunciado un golpe de Estado. La organizaci\u00f3n sostuvo que tales hechos \u201cescapan al control e influencia\u201d de la Liga Venezolana de B\u00e9isbol Profesional y del comit\u00e9 organizador del torneo.<\/p>\n<p>Asimismo, la organizaci\u00f3n subray\u00f3 que la decisi\u00f3n de Venezuela de romper relaciones con Estados Unidos representa una \u201cimposibilidad material de obtener visas de entrada\u201d al pa\u00eds suramericano para los estadounidenses que forman parte de la mayor\u00eda de los equipos eventualmente participantes en el campeonato caribe\u00f1o.<\/p>\n<p>La CBPC refiere adem\u00e1s que Grandes Ligas recomend\u00f3 a sus peloteros no permanecer en territorio venezolano, lo que \u201ccompromete la presencia de una gran mayor\u00eda de los jugadores integrantes de los equipos eventualmente participantes\u201d.<\/p>\n<p>El anuncio de la CBPC se da un d\u00eda despu\u00e9s que las autoridades venezolanas informaron que la seguridad y la log\u00edstica estaban garantizadas para todas las novenas participantes de la pr\u00f3xima Serie del Caribe en Barquisimeto.<\/p>\n<p>El ministro venezolano de Juventud y el Deporte, Pedro Infante, hab\u00eda declarado el s\u00e1bado que la situaci\u00f3n pol\u00edtica y social de Venezuela no era un obst\u00e1culo para la realizaci\u00f3n del torneo.<\/p>\n<p>La Serie del Caribe re\u00fane a los campeones del b\u00e9isbol invernal de M\u00e9xico, Puerto Rico, Rep\u00fablica Dominicana, Cuba y Venezuela. Estaba previsto que el torneo se jugara del 2 al 9 de febrero.<\/p>\n<p>Barquisimeto iba a ser anfitriona del torneo el a\u00f1o pasado, pero la CBPC le quit\u00f3 la sede por la anterior agitaci\u00f3n pol\u00edtica en Venezuela y la reprogram\u00f3 para este a\u00f1o. Las dos ediciones previas han sido disputadas en las ciudades mexicanas de Culiac\u00e1n y Guadalajara.<\/p>\n","protected":false},"excerpt":{"rendered":"<p>CARACAS (AP) \u2014 La Confederaci\u00f3n de B\u00e9isbol Profesional del Caribe (CBPC) anunci\u00f3 el domingo que decidi\u00f3 retirar la edici\u00f3n de este a\u00f1o de la Serie del Caribe a la ciudad venezolana de Barquisimeto debido a la escalada de las tensiones pol\u00edticas en el pa\u00eds suramericano y la ruptura de relaciones entre Caracas y Washington. La [&hellip;]<\/p>\n","protected":false},"author":9,"featured_media":47654,"comment_status":"closed","ping_status":"closed","sticky":false,"template":"","format":"standard","meta":[],"categories":[2,60],"tags":[],"acf":[],"_links":{"self":[{"href":"https:\/\/colimdo.org\/wp-api\/wp\/v2\/posts\/47653"}],"collection":[{"href":"https:\/\/colimdo.org\/wp-api\/wp\/v2\/posts"}],"about":[{"href":"https:\/\/colimdo.org\/wp-api\/wp\/v2\/types\/post"}],"author":[{"embeddable":true,"href":"https:\/\/colimdo.org\/wp-api\/wp\/v2\/users\/9"}],"replies":[{"embeddable":true,"href":"https:\/\/colimdo.org\/wp-api\/wp\/v2\/comments?post=47653"}],"version-history":[{"count":1,"href":"https:\/\/colimdo.org\/wp-api\/wp\/v2\/posts\/47653\/revisions"}],"predecessor-version":[{"id":47655,"href":"https:\/\/colimdo.org\/wp-api\/wp\/v2\/posts\/47653\/revisions\/47655"}],"wp:featuredmedia":[{"embeddable":true,"href":"https:\/\/colimdo.org\/wp-api\/wp\/v2\/media\/47654"}],"wp:attachment":[{"href":"https:\/\/colimdo.org\/wp-api\/wp\/v2\/media?parent=47653"}],"wp:term":[{"taxonomy":"category","embeddable":true,"href":"https:\/\/colimdo.org\/wp-api\/wp\/v2\/categories?post=47653"},{"taxonomy":"post_tag","embeddable":true,"href":"https:\/\/colimdo.org\/wp-api\/wp\/v2\/tags?post=47653"}],"curies":[{"name":"wp","href":"https:\/\/api.w.org\/{rel}","templated":true}]}}