{"id":47666,"date":"2019-01-28T13:36:21","date_gmt":"2019-01-28T13:36:21","guid":{"rendered":"https:\/\/colimdo.org\/?p=47666"},"modified":"2019-01-28T13:36:21","modified_gmt":"2019-01-28T13:36:21","slug":"puello-herrera-senala-rd-panama-las-opciones-realizar-serie-del-caribe","status":"publish","type":"post","link":"https:\/\/colimdo.org\/noticias\/puello-herrera-senala-rd-panama-las-opciones-realizar-serie-del-caribe\/","title":{"rendered":"Puello Herrera se\u00f1ala a RD y Panam\u00e1 como las opciones para realizar Serie del Caribe"},"content":{"rendered":"<p>SANTO DOMINGO, JOS\u00c9 RAM\u00cdREZ. Tras la decisi\u00f3n de la Confederaci\u00f3n de B\u00e9isbol Profesional del Caribe (CBPC) de retirarle la sede de la Serie del Caribe 2019, a la ciudad venezolana de Barquisimeto por la situaci\u00f3n pol\u00edtica que vive actualmente Venezuela, el presidente del organismo, el dominicano Juan Francisco Puello Herrera, inform\u00f3 que Panam\u00e1 y la Rep\u00fablica Dominicana son los principales destinos para montar el evento.<\/p>\n<p>En declaraciones al programa radial, El Gobierno de la Ma\u00f1ana, que se transmite por la emisora Z101 FM, Puello Herrera inform\u00f3 que en las pr\u00f3ximas horas se estar\u00e1 \u00a0reuniendo con el ministro de Deportes de la Rep\u00fablica Dominicana, Danilo D\u00edaz Vizca\u00edno, donde tratar\u00e1 los temas sobre las facilidades y log\u00edstica para el montaje del \u201cCl\u00e1sico Caribe\u00f1o\u201d.<\/p>\n<p>De efectuarse en la Rep\u00fablica Dominicana, los partidos se desarrollar\u00edan en el Estadio Quisqueya Juan Marichal y se tratar\u00eda que el evento se extienda hasta el pr\u00f3ximo 11 de febrero, con la participaci\u00f3n de los equipos campeones de las ligas de Puerto Rico, M\u00e9xico, Cuba, Rep\u00fablica Dominicana y se mantiene abierta la posibilidad de que el representante de Venezuela pueda participar, expres\u00f3 Puello Herrera.<\/p>\n<p>Panam\u00e1, de quien se inform\u00f3 que entrar\u00e1 en el torneo de manera oficial en la pr\u00f3xima edici\u00f3n del certamen del caribe\u00f1o, se ofreci\u00f3 a alojar el evento y ser\u00eda la opci\u00f3n que le quedar\u00eda a la Confederaci\u00f3n del Caribe, de no poder realizar la serie en suelo dominicano, revel\u00f3 Puello Herrera, quien adem\u00e1s dijo que dar\u00e1 m\u00e1s informaciones en las pr\u00f3ximas horas.<\/p>\n","protected":false},"excerpt":{"rendered":"<p>La Rep\u00fablica Dominicana y Panam\u00e1 son las dos opciones que maneja la Confederaci\u00f3n del Caribe para la Celebraci\u00f3n de la Serie del Caribe, tras descartar la posibilidad de celebrarla en Venezuela.<\/p>\n","protected":false},"author":16,"featured_media":47667,"comment_status":"closed","ping_status":"closed","sticky":false,"template":"","format":"standard","meta":[],"categories":[2,60],"tags":[],"acf":[],"_links":{"self":[{"href":"https:\/\/colimdo.org\/wp-api\/wp\/v2\/posts\/47666"}],"collection":[{"href":"https:\/\/colimdo.org\/wp-api\/wp\/v2\/posts"}],"about":[{"href":"https:\/\/colimdo.org\/wp-api\/wp\/v2\/types\/post"}],"author":[{"embeddable":true,"href":"https:\/\/colimdo.org\/wp-api\/wp\/v2\/users\/16"}],"replies":[{"embeddable":true,"href":"https:\/\/colimdo.org\/wp-api\/wp\/v2\/comments?post=47666"}],"version-history":[{"count":1,"href":"https:\/\/colimdo.org\/wp-api\/wp\/v2\/posts\/47666\/revisions"}],"predecessor-version":[{"id":47668,"href":"https:\/\/colimdo.org\/wp-api\/wp\/v2\/posts\/47666\/revisions\/47668"}],"wp:featuredmedia":[{"embeddable":true,"href":"https:\/\/colimdo.org\/wp-api\/wp\/v2\/media\/47667"}],"wp:attachment":[{"href":"https:\/\/colimdo.org\/wp-api\/wp\/v2\/media?parent=47666"}],"wp:term":[{"taxonomy":"category","embeddable":true,"href":"https:\/\/colimdo.org\/wp-api\/wp\/v2\/categories?post=47666"},{"taxonomy":"post_tag","embeddable":true,"href":"https:\/\/colimdo.org\/wp-api\/wp\/v2\/tags?post=47666"}],"curies":[{"name":"wp","href":"https:\/\/api.w.org\/{rel}","templated":true}]}}