{"id":47680,"date":"2019-01-28T14:14:25","date_gmt":"2019-01-28T14:14:25","guid":{"rendered":"https:\/\/colimdo.org\/?p=47680"},"modified":"2019-01-28T14:14:25","modified_gmt":"2019-01-28T14:14:25","slug":"garcia-debuta-22-puntos-la-victoria-del-plaza-valerio","status":"publish","type":"post","link":"https:\/\/colimdo.org\/noticias\/garcia-debuta-22-puntos-la-victoria-del-plaza-valerio\/","title":{"rendered":"Garc\u00eda debuta con 22 puntos en la victoria del Plaza Valerio"},"content":{"rendered":"<p>Oliver Garc\u00eda debut\u00f3 con 22 puntos y el Club Plaza Valerio ayer se llev\u00f3 un triunfo 92-80 sobre el Cupes, en el primer juego de unq doble jornada dominical de la versi\u00f3n 39 del Torneo de Baloncesto Superior de Santiago.<\/p>\n<p>Plaza tuvo cinco jugadores con cifras dobles en un partido jugado ante otra buena asistencia registrada en la Gran Arena del Cibao doctor Oscar Gobaira de aqu\u00ed.<\/p>\n<p>Garc\u00eda complement\u00f3 su ofensiva con seis asistencias y ocho rebotes, su compa\u00f1ero Jos\u00e9 Am\u00e9rico Delgado sum\u00f3 17 tantos y cuatro asistencias, Darius Rice finaliz\u00f3 con 14 unidades, nueve rebotes y dos asistencias, Roberto Bryant 12 y Anthony Cox aport\u00f3 10 tantos.<\/p>\n<p>Por el Cupes el novato Aneudys Parra en rol de suplente anot\u00f3 21 puntos, Joan Santos tambi\u00e9n desde la banca agreg\u00f3 16, John Taylor encest\u00f3 14 y Edward Santana complement\u00f3 con 10.<\/p>\n<p>Plaza Valerio prevaleci\u00f3 en la primera mitad con un conteo 43-37.<\/p>\n<p>Garc\u00eda comand\u00f3 a los joyeros al anotar 18 puntos en la primera mitad, mientras Santos totaliz\u00f3 13 por los pepineros.<\/p>\n<p>Plaza tiene registro de 1-0 mientras Cupes cay\u00f3 a 0-2.<\/p>\n<p><strong>A segunda hora<\/strong><br \/>\nEn el partido de cierre el Club Sameji cont\u00f3 con 31 puntos de Jamel Staten, 18 de Ivan Johnson y 17 de Brahian M\u00e9ndez para vencer en tiempo extra 103-100 a Pueblo Nuevo.<\/p>\n<p>En el medio tiempo del segundo choque el Club Sameji realiz\u00f3 una ceremonia en la cual rindi\u00f3 un homenaje p\u00f3stumo a la memoria de su ex gerente general, Jos\u00e9 Placido.<\/p>\n<p>En el acto fue retirada la camiseta del fenecido exjugador y directivo. Adem\u00e1s el comit\u00e9 ejecutivo de la\u00a0 ABASACA hizo un reconocimiento p\u00f3stumo entregando una camiseta a sus familiares.<\/p>\n<p>La competencia del evento volver\u00e1 a cancha el pr\u00f3ximo mi\u00e9rcoles desde las siete de la noche con los juegos PLaza-CDP y Sameji-Cupes.<\/p>\n<p><strong>LIST\u00cdN DIARIO<\/strong><\/p>\n","protected":false},"excerpt":{"rendered":"<p>Oliver Garc\u00eda debut\u00f3 con 22 puntos y el Club Plaza Valerio ayer se llev\u00f3 un triunfo 92-80 sobre el Cupes, en el primer juego de unq doble jornada dominical de la versi\u00f3n 39 del Torneo de Baloncesto Superior de Santiago. Plaza tuvo cinco jugadores con cifras dobles en un partido jugado ante otra buena asistencia [&hellip;]<\/p>\n","protected":false},"author":9,"featured_media":47681,"comment_status":"closed","ping_status":"closed","sticky":false,"template":"","format":"standard","meta":[],"categories":[2,60],"tags":[],"acf":[],"_links":{"self":[{"href":"https:\/\/colimdo.org\/wp-api\/wp\/v2\/posts\/47680"}],"collection":[{"href":"https:\/\/colimdo.org\/wp-api\/wp\/v2\/posts"}],"about":[{"href":"https:\/\/colimdo.org\/wp-api\/wp\/v2\/types\/post"}],"author":[{"embeddable":true,"href":"https:\/\/colimdo.org\/wp-api\/wp\/v2\/users\/9"}],"replies":[{"embeddable":true,"href":"https:\/\/colimdo.org\/wp-api\/wp\/v2\/comments?post=47680"}],"version-history":[{"count":1,"href":"https:\/\/colimdo.org\/wp-api\/wp\/v2\/posts\/47680\/revisions"}],"predecessor-version":[{"id":47682,"href":"https:\/\/colimdo.org\/wp-api\/wp\/v2\/posts\/47680\/revisions\/47682"}],"wp:featuredmedia":[{"embeddable":true,"href":"https:\/\/colimdo.org\/wp-api\/wp\/v2\/media\/47681"}],"wp:attachment":[{"href":"https:\/\/colimdo.org\/wp-api\/wp\/v2\/media?parent=47680"}],"wp:term":[{"taxonomy":"category","embeddable":true,"href":"https:\/\/colimdo.org\/wp-api\/wp\/v2\/categories?post=47680"},{"taxonomy":"post_tag","embeddable":true,"href":"https:\/\/colimdo.org\/wp-api\/wp\/v2\/tags?post=47680"}],"curies":[{"name":"wp","href":"https:\/\/api.w.org\/{rel}","templated":true}]}}