{"id":47683,"date":"2019-01-28T14:16:28","date_gmt":"2019-01-28T14:16:28","guid":{"rendered":"https:\/\/colimdo.org\/?p=47683"},"modified":"2019-01-28T14:16:28","modified_gmt":"2019-01-28T14:16:28","slug":"designan-santo-domingo-sede-centro-regional-judo","status":"publish","type":"post","link":"https:\/\/colimdo.org\/noticias\/designan-santo-domingo-sede-centro-regional-judo\/","title":{"rendered":"Designan a Santo Domingo sede centro regional de judo"},"content":{"rendered":"<p>La Rep\u00fablica Dominicana ha sido designada como sede del Centro Regional de Desarrollo del Judo para Latinoam\u00e9rica por la Federaci\u00f3n Internacional de Judo (FIJ) en reconocimiento al crecimiento que ha experimentado ese deporte en el pa\u00eds.<\/p>\n<p>El anuncio fue hecho por el se\u00f1or Envic Galea, durante el cierre del curso Internacional Para Instructores de Judo, Nivel I, celebrado durante una semana en el Albergue Ol\u00edmpico en esta capital.<\/p>\n<p>\u201cLa Rep\u00fablica Dominicana que designada como Centro Regional del Caribe para Latinoam\u00e9rica para la IJF Academy\u201d, revel\u00f3 Galea, jefe de la comisi\u00f3n de la Academia de la FIJ, en la ceremonia de examen y cierre del curso Internacional. El alto directivo de la Academia de la FIJ (IJF Academy) destac\u00f3 adem\u00e1s las facilidades que ofrece el Albergue Ol\u00edmpico, tales como la cercan\u00eda de las distintas \u00e1reas para las actividades del curso, as\u00ed como la calidad de la alimentaci\u00f3n.<\/p>\n<p>Mientras que Antonio Acosta, primer vicepresidente del COD, agreg\u00f3: \u201cCon este curdo el judo va en camino ascendente. La capacitaci\u00f3n da un gran soporte para el desarrollo de este deporte\u201d.<\/p>\n<p>El curso internacional Nivel I, auspiciado por el Programa Solidaridad Ol\u00edmpica del COD, estuvo dirigido a 42 instructores de judo de ocho pa\u00edses (Estados Unidos, Latvia, Aruba, Ecuador, Costa Rica, Antillas Holandesas, M\u00e9xico y Rep\u00fablica Dominicana).<\/p>\n","protected":false},"excerpt":{"rendered":"<p>La Rep\u00fablica Dominicana ha sido designada como sede del Centro Regional de Desarrollo del Judo para Latinoam\u00e9rica por la Federaci\u00f3n Internacional de Judo (FIJ) en reconocimiento al crecimiento que ha experimentado ese deporte en el pa\u00eds. El anuncio fue hecho por el se\u00f1or Envic Galea, durante el cierre del curso Internacional Para Instructores de Judo, [&hellip;]<\/p>\n","protected":false},"author":9,"featured_media":47684,"comment_status":"closed","ping_status":"closed","sticky":false,"template":"","format":"standard","meta":[],"categories":[3,2,60],"tags":[],"acf":[],"_links":{"self":[{"href":"https:\/\/colimdo.org\/wp-api\/wp\/v2\/posts\/47683"}],"collection":[{"href":"https:\/\/colimdo.org\/wp-api\/wp\/v2\/posts"}],"about":[{"href":"https:\/\/colimdo.org\/wp-api\/wp\/v2\/types\/post"}],"author":[{"embeddable":true,"href":"https:\/\/colimdo.org\/wp-api\/wp\/v2\/users\/9"}],"replies":[{"embeddable":true,"href":"https:\/\/colimdo.org\/wp-api\/wp\/v2\/comments?post=47683"}],"version-history":[{"count":1,"href":"https:\/\/colimdo.org\/wp-api\/wp\/v2\/posts\/47683\/revisions"}],"predecessor-version":[{"id":47685,"href":"https:\/\/colimdo.org\/wp-api\/wp\/v2\/posts\/47683\/revisions\/47685"}],"wp:featuredmedia":[{"embeddable":true,"href":"https:\/\/colimdo.org\/wp-api\/wp\/v2\/media\/47684"}],"wp:attachment":[{"href":"https:\/\/colimdo.org\/wp-api\/wp\/v2\/media?parent=47683"}],"wp:term":[{"taxonomy":"category","embeddable":true,"href":"https:\/\/colimdo.org\/wp-api\/wp\/v2\/categories?post=47683"},{"taxonomy":"post_tag","embeddable":true,"href":"https:\/\/colimdo.org\/wp-api\/wp\/v2\/tags?post=47683"}],"curies":[{"name":"wp","href":"https:\/\/api.w.org\/{rel}","templated":true}]}}