{"id":47689,"date":"2019-01-28T15:10:07","date_gmt":"2019-01-28T15:10:07","guid":{"rendered":"https:\/\/colimdo.org\/?p=47689"},"modified":"2019-01-28T15:10:07","modified_gmt":"2019-01-28T15:10:07","slug":"ven-brecha-desarrollo-del-boxeo-profesional-la-rd","status":"publish","type":"post","link":"https:\/\/colimdo.org\/noticias\/ven-brecha-desarrollo-del-boxeo-profesional-la-rd\/","title":{"rendered":"Ven brecha para el desarrollo del boxeo profesional en la RD"},"content":{"rendered":"<p>El empresario Georgie Herrera afirm\u00f3 que al boxeo profesional de la Rep\u00fablica Dominicana se le abre una brecha para su desarrollo a partir de un encuentro celebrado la semana pasada en Santo Domingo, con la participaci\u00f3n del presidente de la Organizaci\u00f3n Mundial de Boxeo, el puertorrique\u00f1o Francisco \u201cPaco\u201d Valc\u00e1rcel y el ministro de Deportes, Danilo D\u00edaz.<\/p>\n<p>\u201cEstamos muy optimistas\u201d, dijo Herrera, quien es el representante latino de la OMB en la Rep\u00fablica Domincana y promotor del citado encuentro.<\/p>\n<p>En esa actividad, efectuado en el hotel de la capital dominicana, el presidente de la OMB reabri\u00f3 la puerta de la entidad al pugilismo dominicano y asegur\u00f3 que \u201cdejando el pasado atr\u00e1s y haciendo los ajustes necesario a las estructuras de aqu\u00ed, la Rep\u00fablica Dominicana regresar\u00eda a un buen sitial internacional, ganando fajas mundiales, con el talento que sale de sus barrios.<\/p>\n<p>Adem\u00e1s de Valc\u00e1rcel, Herrera y el ministro Danilo D\u00edaz, en la reuni\u00f3n en cuesti\u00f3n participaron los principales promotores box\u00edsticos de la Rep\u00fablica Dominicana, quienes expusieron las dificultades y dem\u00e1s experiencia en la realizaci\u00f3n de show o veladas profesionales.<\/p>\n<p>\u201cTenemos que dejar las cosas del pasado atr\u00e1s y estructurar una programaci\u00f3n que regrese al boxeo dominicano al camino; ahora mismo en Puerto Rico se est\u00e1n presentando alrededor de 30 veladas para la televisi\u00f3n internacional \u00bfpor qu\u00e9 no integrar transmisiones conjuntas de aqu\u00ed y de all\u00e1 y que ambos pa\u00edses se beneficien?\u201d, dijo el presidente de la OMB, en un inusual encuentro con los promotores, el comisionado de boxeo Franklin N\u00fa\u00f1ez y otras personas ligadas a este emocionante deporte.<br \/>\nValc\u00e1rcel aprovech\u00f3 para exaltar las labores del empresario Georgie Herrera<\/p>\n<p>El ministro D\u00edaz. \u201cEstamos a entera disposici\u00f3n de abrir una mesa de trabajo para que el boxeo pueda salir de la situaci\u00f3n que atraviesa\u201d, expuso el ministro de Deportes, Danilo D\u00edaz.<\/p>\n<p>Dijo que pr\u00f3ximamente se promover\u00e1 una reuni\u00f3n para buscar soluciones a los problemas internos del boxeo dominicano.<\/p>\n<p><strong>HOY<\/strong><\/p>\n","protected":false},"excerpt":{"rendered":"<p>El empresario Georgie Herrera afirm\u00f3 que al boxeo profesional de la Rep\u00fablica Dominicana se le abre una brecha para su desarrollo a partir de un encuentro celebrado la semana pasada en Santo Domingo, con la participaci\u00f3n del presidente de la Organizaci\u00f3n Mundial de Boxeo, el puertorrique\u00f1o Francisco \u201cPaco\u201d Valc\u00e1rcel y el ministro de Deportes, Danilo [&hellip;]<\/p>\n","protected":false},"author":9,"featured_media":47690,"comment_status":"closed","ping_status":"closed","sticky":false,"template":"","format":"standard","meta":[],"categories":[2,60],"tags":[],"acf":[],"_links":{"self":[{"href":"https:\/\/colimdo.org\/wp-api\/wp\/v2\/posts\/47689"}],"collection":[{"href":"https:\/\/colimdo.org\/wp-api\/wp\/v2\/posts"}],"about":[{"href":"https:\/\/colimdo.org\/wp-api\/wp\/v2\/types\/post"}],"author":[{"embeddable":true,"href":"https:\/\/colimdo.org\/wp-api\/wp\/v2\/users\/9"}],"replies":[{"embeddable":true,"href":"https:\/\/colimdo.org\/wp-api\/wp\/v2\/comments?post=47689"}],"version-history":[{"count":1,"href":"https:\/\/colimdo.org\/wp-api\/wp\/v2\/posts\/47689\/revisions"}],"predecessor-version":[{"id":47691,"href":"https:\/\/colimdo.org\/wp-api\/wp\/v2\/posts\/47689\/revisions\/47691"}],"wp:featuredmedia":[{"embeddable":true,"href":"https:\/\/colimdo.org\/wp-api\/wp\/v2\/media\/47690"}],"wp:attachment":[{"href":"https:\/\/colimdo.org\/wp-api\/wp\/v2\/media?parent=47689"}],"wp:term":[{"taxonomy":"category","embeddable":true,"href":"https:\/\/colimdo.org\/wp-api\/wp\/v2\/categories?post=47689"},{"taxonomy":"post_tag","embeddable":true,"href":"https:\/\/colimdo.org\/wp-api\/wp\/v2\/tags?post=47689"}],"curies":[{"name":"wp","href":"https:\/\/api.w.org\/{rel}","templated":true}]}}