{"id":47700,"date":"2019-01-28T20:43:58","date_gmt":"2019-01-28T20:43:58","guid":{"rendered":"https:\/\/colimdo.org\/?p=47700"},"modified":"2019-01-28T20:43:58","modified_gmt":"2019-01-28T20:43:58","slug":"serie-del-caribe-2019-sera-realizada-panama","status":"publish","type":"post","link":"https:\/\/colimdo.org\/noticias\/serie-del-caribe-2019-sera-realizada-panama\/","title":{"rendered":"Serie del Caribe 2019 ser\u00e1 realizada en Panam\u00e1"},"content":{"rendered":"<p>CARACAS (AP) \u2014 La Confederaci\u00f3n de B\u00e9isbol Profesional del Caribe asign\u00f3 a Panam\u00e1 la sede de la pr\u00f3xima edici\u00f3n de la Serie del Caribe tras retirar el evento a Venezuela ante las tensiones pol\u00edticas que sacuden ese pa\u00eds y la ruptura de relaciones entre Caracas y Washington.<\/p>\n<p>El comisionado de la confederaci\u00f3n, Juan Francisco Puello, en una rueda de prensa transmitida a trav\u00e9s de Facebook Live, indic\u00f3 que la llamada peque\u00f1a serie mundial del b\u00e9isbol caribe\u00f1o se disputar\u00e1 del 4 al 10 de febrero en el estadio Nacional Rod Carew de Ciudad Panam\u00e1.<\/p>\n<p>\u201cVan a ser seis equipos salvo que ocurra un inconveniente imprevisto, como es l\u00f3gico, incluyendo a Panam\u00e1\u201d, dijo Puello. Estaba previsto que Panam\u00e1 se incorporase a la Serie del Caribe el pr\u00f3ximo a\u00f1o.<\/p>\n<p>\u201cFue muy duro para nosotros, pero realmente hemos logrado armar lo que es esta edici\u00f3n de la Serie del Caribe\u201d, acot\u00f3 el comisionado caribe\u00f1o, destacando que \u201cya est\u00e1n trabajando codo a codo\u201d con las personas que han nombrado en Panam\u00e1 para organizar este evento.<\/p>\n<p>El anuncio se produjo un d\u00eda despu\u00e9s que la oficina del comisionado de la confederaci\u00f3n caribe\u00f1a retir\u00f3 la sede de la Serie del Caribe a la ciudad occidental de Barquisimeto.<\/p>\n<p>En previsi\u00f3n adem\u00e1s \u201chemos preparado tambi\u00e9n un calendario con cinco y seis equipos, en caso que por alguna raz\u00f3n, alguna de estas ligas o estos equipos, no puedan participar\u201d, resalt\u00f3.<\/p>\n<p>\u201cHa habido una premura, pero eso no va a bajar la calidad de lo que es el torneo\u201d, agreg\u00f3 el comisionado. \u201cFue un evento traum\u00e1tico encontrar una sede alterna, pero gracias a Dios el trabajo dio sus frutos. Hemos aprendido una lecci\u00f3n: Tenemos m\u00e1s plazas de las que consider\u00e1bamos anteriormente\u201d.<\/p>\n<p>La Serie del Caribe re\u00fane a los campeones del b\u00e9isbol invernal de M\u00e9xico, Puerto Rico, Rep\u00fablica Dominicana, Cuba y Venezuela. Panam\u00e1, como pa\u00eds anfitri\u00f3n, regresa al evento del que form\u00f3 parte entre 1949 a 1960 durante la llamada primera etapa del torneo, que tuvo final luego que el ahora fallecido presidente cubano Fidel Castro prohibi\u00f3 el deporte profesional en la isla.<\/p>\n<p>Panam\u00e1 fue el anfitri\u00f3n en los torneos de 1952, 1956 y 1960, mientras el equipo paname\u00f1o Carta Vieja Yankees se coron\u00f3 en 1950 en Puerto Rico.<\/p>\n<p>Cuba, por su parte, regres\u00f3 al cl\u00e1sico del Caribe tras 54 a\u00f1os de ausencia.<\/p>\n<p>Horas antes, el gobierno del presidente Nicol\u00e1s Maduro conden\u00f3 la decisi\u00f3n de la Confederaci\u00f3n de retirar a Venezuela la sede y acus\u00f3 al organismo de ceder a las presiones de Grandes Ligas que, seg\u00fan las autoridades venezolanas, se suman a las acciones de Estados Unidos para derrocar al mandatario socialista.<\/p>\n<p>El ministro de Juventud y Deporte de Venezuela, Pedro Infante, indic\u00f3 que la decisi\u00f3n de la CBPC \u201cobedece a las presiones generadas por la Major League Baseball (las Grandes Ligas) como una acci\u00f3n que se suma al golpe de Estado contra nuestra patria dirigido en el gobierno de Estados Unidos para derrocar a un gobierno leg\u00edtimo y constitucional\u201d.<\/p>\n<p>En rueda de prensa, el ministro venezolano asever\u00f3 que la Serie del Caribe pod\u00eda realizarse \u201csin ning\u00fan inconveniente\u201d en el pa\u00eds, pese a la escalada de las tensiones pol\u00edticas en Venezuela y la ruptura de relaciones entre Caracas y Washington.<\/p>\n<p>\u201cNo es correcto politizar un evento como este, luego de que se han realizado diversos eventos deportivos de car\u00e1cter internacional en el pa\u00eds\u201d en d\u00edas recientes, como el partido por la Copa Libertadores de f\u00fatbol entre el local Deportivo La Guaira y el Real Garcilaso de Per\u00fa, enfatiz\u00f3.<\/p>\n<p>La MLB recomend\u00f3 \u201cen los t\u00e9rminos m\u00e1s en\u00e9rgicos\u201d que los jugadores y dem\u00e1s personal de los clubes no viajen a Venezuela para el campeonato regional, que deb\u00eda disputarse en territorio venezolano entre el 2 y 9 de febrero.<\/p>\n<p>Al explicar las razones que llevaron a la CBPC al tomar la decisi\u00f3n, se se\u00f1al\u00f3 como uno de los argumentos la situaci\u00f3n de tensi\u00f3n pol\u00edtica que enfrenta Venezuela reconocida por el Ejecutivo que ha denunciado un golpe de Estado. La organizaci\u00f3n sostuvo que tales hechos \u201cescapan al control e influencia\u201d de la Liga Venezolana de B\u00e9isbol Profesional y del comit\u00e9 organizador del torneo.<\/p>\n<p>Adem\u00e1s la organizaci\u00f3n subray\u00f3 que la decisi\u00f3n de Venezuela de romper relaciones con Estados Unidos representa una \u201cimposibilidad material de obtener visas de entrada\u201d al pa\u00eds suramericano para los estadounidenses que forman parte de la mayor\u00eda de los equipos eventualmente participantes en el campeonato caribe\u00f1o.<\/p>\n<p>Es la segunda ocasi\u00f3n consecutiva que a Venezuela le retiran la sede del torneo caribe\u00f1o.<\/p>\n<p>Barquisimeto iba a ser anfitriona del torneo en 2018, pero la confederaci\u00f3n le arrebat\u00f3 la sede por la anterior agitaci\u00f3n pol\u00edtica en Venezuela y la reprogram\u00f3 para este a\u00f1o. Las dos ediciones previas se han disputado en las ciudades mexicanas de Culiac\u00e1n y Guadalajara.<\/p>\n<p>Los Cardenales de Lara, que el domingo conquistaron su quinto t\u00edtulo de campeones del b\u00e9isbol venezolano al superar a los Leones del Caracas en cuatro juegos de una serie final pautada a un m\u00e1ximo de siete encuentros, tendr\u00e1n todo el apoyo de las autoridades venezolanas para acudir a la serie, resalt\u00f3 el ministro.<\/p>\n<p>Desde el gobierno \u201ctodo el apoyo necesario a los campeones, para que participen en la cita donde se defina efectuarse\u201d, reiter\u00f3 Infante.<\/p>\n<p>Los otros cinco equipos participantes son los Le\u00f1adores de Las Tunas, de Cuba; Estrellas Orientales, de Rep\u00fablica Dominicana; Cangrejeros de Santurce (Puerto Rico) y Toros de Herrera (Panam\u00e1). El representante de M\u00e9xico surgir\u00e1 entre los Charros de Jalisco y los Yaquis de Ciudad Obreg\u00f3n, serie por la Liga Mexicana del Pac\u00edfico que se reanuda el lunes con los Charros en ventaja de 3-2.<\/p>\n<p>Las autoridades a\u00f1adieron que est\u00e1n evaluando sus opciones para exigir que sean compensadas las p\u00e9rdidas ocasionadas con el retiro de la sede.<\/p>\n<p>M\u00e1s de 23 millones de euros fueron destinados por la corporaci\u00f3n estatal Petr\u00f3leos de Venezuela (PDVSA) para la organizaci\u00f3n del evento, acot\u00f3 el ministro.<\/p>\n","protected":false},"excerpt":{"rendered":"<p>CARACAS (AP) \u2014 La Confederaci\u00f3n de B\u00e9isbol Profesional del Caribe asign\u00f3 a Panam\u00e1 la sede de la pr\u00f3xima edici\u00f3n de la Serie del Caribe tras retirar el evento a Venezuela ante las tensiones pol\u00edticas que sacuden ese pa\u00eds y la ruptura de relaciones entre Caracas y Washington. El comisionado de la confederaci\u00f3n, Juan Francisco Puello, [&hellip;]<\/p>\n","protected":false},"author":9,"featured_media":47701,"comment_status":"closed","ping_status":"closed","sticky":false,"template":"","format":"standard","meta":[],"categories":[2,60],"tags":[],"acf":[],"_links":{"self":[{"href":"https:\/\/colimdo.org\/wp-api\/wp\/v2\/posts\/47700"}],"collection":[{"href":"https:\/\/colimdo.org\/wp-api\/wp\/v2\/posts"}],"about":[{"href":"https:\/\/colimdo.org\/wp-api\/wp\/v2\/types\/post"}],"author":[{"embeddable":true,"href":"https:\/\/colimdo.org\/wp-api\/wp\/v2\/users\/9"}],"replies":[{"embeddable":true,"href":"https:\/\/colimdo.org\/wp-api\/wp\/v2\/comments?post=47700"}],"version-history":[{"count":1,"href":"https:\/\/colimdo.org\/wp-api\/wp\/v2\/posts\/47700\/revisions"}],"predecessor-version":[{"id":47702,"href":"https:\/\/colimdo.org\/wp-api\/wp\/v2\/posts\/47700\/revisions\/47702"}],"wp:featuredmedia":[{"embeddable":true,"href":"https:\/\/colimdo.org\/wp-api\/wp\/v2\/media\/47701"}],"wp:attachment":[{"href":"https:\/\/colimdo.org\/wp-api\/wp\/v2\/media?parent=47700"}],"wp:term":[{"taxonomy":"category","embeddable":true,"href":"https:\/\/colimdo.org\/wp-api\/wp\/v2\/categories?post=47700"},{"taxonomy":"post_tag","embeddable":true,"href":"https:\/\/colimdo.org\/wp-api\/wp\/v2\/tags?post=47700"}],"curies":[{"name":"wp","href":"https:\/\/api.w.org\/{rel}","templated":true}]}}