{"id":47715,"date":"2019-01-29T04:49:18","date_gmt":"2019-01-29T04:49:18","guid":{"rendered":"https:\/\/colimdo.org\/?p=47715"},"modified":"2019-01-29T04:49:18","modified_gmt":"2019-01-29T04:49:18","slug":"lesion-neymar-podria-terminar-temporada-psg-segundo-ano","status":"publish","type":"post","link":"https:\/\/colimdo.org\/noticias\/lesion-neymar-podria-terminar-temporada-psg-segundo-ano\/","title":{"rendered":"Lesi\u00f3n de Neymar podr\u00eda terminar su temporada con el PSG por segundo a\u00f1o"},"content":{"rendered":"<p>ESPN. El astro del\u00a0Par\u00eds Saint Germain\u00a0y de la selecci\u00f3n de Brasil,\u00a0<strong>Neymar<\/strong>, podr\u00eda dar por terminada su temporada por segunda ocasi\u00f3n consecutiva debido a una lesi\u00f3n en el metatarso, de acuerdo con una fuente cercana al equipo campe\u00f3n de Francia que confirm\u00f3 que el jugador de 26 a\u00f1os requerir\u00e1 someterse a una cirug\u00eda para reparar su problema m\u00e1s reciente en el pie derecho.<\/p>\n<p>Neymar rompi\u00f3 en l\u00e1grimas durante el segundo tiempo del juego de la semana pasada de la Copa de Francia que su equipo gan\u00f3 por 2-0 al\u00a0Estrasburgo\u00a0y su capacidad para enfrentar al\u00a0Manchester United\u00a0el pr\u00f3ximo mes en la Champions League ha sido un tema desde entonces.<\/p>\n<p>De acuerdo con la fuente, el ex jugador del Barcelona se fractur\u00f3 el mismo quinto metatarso del pie que se lesion\u00f3 el a\u00f1o pasado, aunque en una zona diferente, y es casi imposible que se recupere a tiempo para realizar el viaje a Old Trafford el 12 de febrero.<\/p>\n<p>Con el doctor de la selecci\u00f3n nacional de Brasil, Rodrigo Lasmar, ahora en Francia, por petici\u00f3n de Neymar e invitado por el PSG, la atenci\u00f3n se ha centrado en la Copa Am\u00e9rica de este verano en el Brasil natal del jugador con valor de 222 millones de euros y en los \u00faltimos dos meses de la temporada del PSG m\u00e1s que el juego de vuelta contra el United en Parc des Princes.<\/p>\n<p>Tanto el campe\u00f3n de la Ligue 1 como la selecci\u00f3n brasile\u00f1a a\u00fan deben pronunciarse oficialmente sobre el alcance de la lesi\u00f3n de Neymar, y la fuente confirm\u00f3 que las dos partes a\u00fan debaten si la cirug\u00eda es la \u00fanica opci\u00f3n.<\/p>\n<p>El entrenador de Brasil, Tite, sin embargo, confirm\u00f3 que Neymar no ser\u00eda convocado a medias.<\/p>\n<p>&#8220;Nos pusimos en contacto con Neymar y lo visitamos. Fue una llamada personal, solidaria y muy humana. Cualquier otra informaci\u00f3n, Edu [Gaspar] y el equipo m\u00e9dico la har\u00e1n saber. Mi contacto con Neymar fue humano. Yo s\u00e9 que todos est\u00e1n muy interesados, pero s\u00e9 cu\u00e1ndo permanecer en mi lugar &#8220;, dijo Tite.<\/p>\n<p>&#8220;Entiendo la ansiedad, pero no hablo de cuestiones hipot\u00e9ticas. Tambi\u00e9n he expresado mi preocupaci\u00f3n al entrenador del PSG [Thomas Tuchel], quien est\u00e1 triste. Igualmente estoy triste, pero tambi\u00e9n lo apoyo&#8221;.<\/p>\n<p>El director de los equipos nacionales, Gaspar, dijo que directivos brasile\u00f1os har\u00e1n una evaluaci\u00f3n una vez que el informe completo de Lasmar est\u00e9 disponible.<\/p>\n<p>&#8220;Recuerden que Neymar es un jugador del PSG&#8221;, dijo Gaspar. &#8220;Debemos respetar las decisiones que toma el club. Rodrigo Lasmar, nuestro m\u00e9dico, los ayudar\u00e1. Despu\u00e9s de eso, pensaremos en las decisiones t\u00e9cnicas. El PSG est\u00e1 siendo bastante conservador. Invitaron a Lasmar y otros especialistas para ayudar en la decisi\u00f3n final&#8221;.<\/p>\n<p>La fuente advirti\u00f3 que si Neymar es operado, el tiempo de recuperaci\u00f3n ser\u00e1 m\u00e1s largo que la \u00faltima vez y que es casi seguro que termine su segunda temporada en Par\u00eds de manera prematura, adem\u00e1s de que ser\u00e1 una amenaza seria para su participaci\u00f3n en la Copa Am\u00e9rica de este verano con Brasil en casa.<\/p>\n<p>El t\u00e9cnico brasile\u00f1o, Tite, ya admiti\u00f3 en una conferencia de prensa en Francia que no est\u00e1 seguro de poder convocar a Neymar para el encuentro amistoso de marzo contra la Rep\u00fablica Checa en Praga, mientras que Tuchel admiti\u00f3 el domingo, despu\u00e9s de la goleada por 4-1 de\u00a0Rennes\u00a0en la Ligue 1, que recuperar al n\u00famero 10 para el viaje a Manchester ser\u00e1 dif\u00edcil.<\/p>\n<p>&#8220;Ser\u00e1 muy dif\u00edcil&#8221;, dijo el estratega alem\u00e1n a Canal Plus. &#8220;Como expliqu\u00e9 el s\u00e1bado, es demasiado pronto para hablar sobre una posible fecha de regreso.<\/p>\n<p>&#8220;Para empezar, debemos esperar al menos una semana, este per\u00edodo y su reacci\u00f3n al tratamiento ser\u00e1n importantes. Solo as\u00ed podremos ser m\u00e1s precisos. Dicho esto, no es un secreto, ser\u00e1 muy dif\u00edcil&#8221;.<\/p>\n<p>En el mejor de los escenarios para el PSG, dijo la fuente, el regreso ser\u00e1 en abril, lo que tambi\u00e9n pone en peligro cualquier posible aparici\u00f3n en los cuartos de final de la Champions League si el equipo de Tuchel puede deshacerse de United sin Neymar.<\/p>\n","protected":false},"excerpt":{"rendered":"<p>De acuerdo con la fuente, el ex jugador del Barcelona se fractur\u00f3 el mismo quinto metatarso del pie que se lesion\u00f3 el a\u00f1o pasado, aunque en una zona diferente, y es casi imposible que se recupere a tiempo para realizar el viaje a Old Trafford el 12 de febrero.<\/p>\n","protected":false},"author":16,"featured_media":47716,"comment_status":"closed","ping_status":"closed","sticky":false,"template":"","format":"standard","meta":[],"categories":[2,60],"tags":[],"acf":[],"_links":{"self":[{"href":"https:\/\/colimdo.org\/wp-api\/wp\/v2\/posts\/47715"}],"collection":[{"href":"https:\/\/colimdo.org\/wp-api\/wp\/v2\/posts"}],"about":[{"href":"https:\/\/colimdo.org\/wp-api\/wp\/v2\/types\/post"}],"author":[{"embeddable":true,"href":"https:\/\/colimdo.org\/wp-api\/wp\/v2\/users\/16"}],"replies":[{"embeddable":true,"href":"https:\/\/colimdo.org\/wp-api\/wp\/v2\/comments?post=47715"}],"version-history":[{"count":1,"href":"https:\/\/colimdo.org\/wp-api\/wp\/v2\/posts\/47715\/revisions"}],"predecessor-version":[{"id":47717,"href":"https:\/\/colimdo.org\/wp-api\/wp\/v2\/posts\/47715\/revisions\/47717"}],"wp:featuredmedia":[{"embeddable":true,"href":"https:\/\/colimdo.org\/wp-api\/wp\/v2\/media\/47716"}],"wp:attachment":[{"href":"https:\/\/colimdo.org\/wp-api\/wp\/v2\/media?parent=47715"}],"wp:term":[{"taxonomy":"category","embeddable":true,"href":"https:\/\/colimdo.org\/wp-api\/wp\/v2\/categories?post=47715"},{"taxonomy":"post_tag","embeddable":true,"href":"https:\/\/colimdo.org\/wp-api\/wp\/v2\/tags?post=47715"}],"curies":[{"name":"wp","href":"https:\/\/api.w.org\/{rel}","templated":true}]}}