{"id":47721,"date":"2019-01-29T04:59:30","date_gmt":"2019-01-29T04:59:30","guid":{"rendered":"https:\/\/colimdo.org\/?p=47721"},"modified":"2019-01-29T04:59:30","modified_gmt":"2019-01-29T04:59:30","slug":"venezuela-actuara-legalmente-perdidas-ante-retiro-serie-del-caribe","status":"publish","type":"post","link":"https:\/\/colimdo.org\/noticias\/venezuela-actuara-legalmente-perdidas-ante-retiro-serie-del-caribe\/","title":{"rendered":"Venezuela \u201cactuar\u00e1 legalmente\u201d por p\u00e9rdidas ante retiro de Serie del Caribe"},"content":{"rendered":"<p>CARACAS (EFE).- El ministro del Deporte de Venezuela, Pedro Infante, asegur\u00f3 este lunes que el pa\u00eds \u201cactuar\u00e1 legalmente\u201d ante las instancias correspondientes en reclamo de las p\u00e9rdidas, que ascienden a 3.4 millones de euros, derivadas de la decisi\u00f3n de retirar la sede de la Serie del Caribe a la ciudad de Barquisimeto.<\/p>\n<p>\u201cNosotros actuaremos legalmente en lo que corresponda\u201d dijo Infante en la rueda de prensa en la que estuvo acompa\u00f1ado por el encargado de patrocinio deportivo de la estatal PDVSA, Joel Casanova, y el vicepresidente de la Liga Venezolana de B\u00e9isbol Profesional (LVBP), Juan Amarante.<\/p>\n<p>\u201cCorresponder\u00e1 a la Liga Venezolana de B\u00e9isbol Profesional (LVBP) en conjunto con PDVSA, principal patrocinador de este evento, ejercer las acciones necesarias para resarcir los da\u00f1os\u201d, asegur\u00f3 Infante.<\/p>\n<p>Adem\u00e1s, el ministro ley\u00f3 un comunicado \u201cdel gobierno nacional\u201d, en que se rechaza la decisi\u00f3n de la Confederaci\u00f3n del B\u00e9isbol Profesional del Caribe (CPBC), de retirar, por segunda ocasi\u00f3n consecutiva, la sede del torneo a Venezuela, que adem\u00e1s califica de \u201cantideportiva\u201d.<\/p>\n<p>\u201cEn nombre del presidente, Nicol\u00e1s Maduro, rechazamos la antideportiva decisi\u00f3n tomada por la CBPC de retirar la sede que corresponde organizar a Venezuela en la edici\u00f3n 61 de la Serie del Caribe Barquisimeto 2019\u201d, reza el comunicado le\u00eddo por el ministro.<\/p>\n<p>Igualmente en el texto se \u201cdenuncia y condena\u201d que la decisi\u00f3n de la CBPC \u201cobedece a las presiones generadas\u201d desde Major League Baseball (MLB) como una acci\u00f3n \u201cque se suma al Golpe de Estado en contra de nuestra patria, dirigido desde el gobierno de los Estados Unidos\u201d.<\/p>\n<p>La decisi\u00f3n de la CPBC ha sido tomada en medio de la creciente tensi\u00f3n pol\u00edtica que vive el pa\u00eds desde el pasado d\u00eda 23, cuando el jefe del Parlamento, el opositor Juan Guaid\u00f3, desafi\u00f3 a Maduro y se adjudic\u00f3 las competencias del Ejecutivo.<\/p>\n<p>Maduro orden\u00f3 la salida de todo el personal diplom\u00e1tico de EE.UU. en el pa\u00eds despu\u00e9s de que el gobernante estadounidense, Donald Trump, reconociera a Guaid\u00f3 como presidente interino.<\/p>\n<p>Esta decisi\u00f3n, seg\u00fan el comunicado, \u201cperjudica de forma irresponsable el desarrollo del deporte, la inversi\u00f3n, el trabajo de un pa\u00eds (Venezuela) y los millones de aficionados del b\u00e9isbol venezolano\u201d.<\/p>\n<p>La Serie del Caribe de b\u00e9isbol correspondiente a este a\u00f1o se celebrar\u00e1 finalmente en Panam\u00e1 del 4 al 10 de febrero.<\/p>\n<p>El presidente de la CBPC, el dominicano Juan Francisco Puello Herrera, se\u00f1al\u00f3 que Venezuela s\u00ed competir\u00e1 junto a otros cinco pa\u00edses.<\/p>\n<p>Al respecto el ministro dijo que se brindar\u00e1 \u201ctodo el apoyo\u201d al equipo campe\u00f3n de Venezuela, Cardenales de Lara, \u201cpara asegurar su participaci\u00f3n\u201d en el evento continental.<\/p>\n<p>Se trata de la segunda ocasi\u00f3n consecutiva en que se retira la sede del torneo a Barquisimeto (oeste, estado Lara) despu\u00e9s de que la edici\u00f3n 2018 la despojaran de este honor por la crisis econ\u00f3mica que atraviesa Venezuela desde hace varios a\u00f1os.<\/p>\n<p>Finalmente, esa edici\u00f3n del torneo se realiz\u00f3 en Guadalajara, M\u00e9xico.<\/p>\n<p>&nbsp;<\/p>\n","protected":false},"excerpt":{"rendered":"<p>El ministro del Deporte de Venezuela, Pedro Infante, asegur\u00f3 este lunes que el pa\u00eds \u201cactuar\u00e1 legalmente\u201d ante las instancias correspondientes en reclamo de las p\u00e9rdidas, que ascienden a 3.4 millones de euros, derivadas de la decisi\u00f3n de retirar la sede de la Serie del Caribe a la ciudad de Barquisimeto.<\/p>\n","protected":false},"author":16,"featured_media":47722,"comment_status":"closed","ping_status":"closed","sticky":false,"template":"","format":"standard","meta":[],"categories":[2,60],"tags":[],"acf":[],"_links":{"self":[{"href":"https:\/\/colimdo.org\/wp-api\/wp\/v2\/posts\/47721"}],"collection":[{"href":"https:\/\/colimdo.org\/wp-api\/wp\/v2\/posts"}],"about":[{"href":"https:\/\/colimdo.org\/wp-api\/wp\/v2\/types\/post"}],"author":[{"embeddable":true,"href":"https:\/\/colimdo.org\/wp-api\/wp\/v2\/users\/16"}],"replies":[{"embeddable":true,"href":"https:\/\/colimdo.org\/wp-api\/wp\/v2\/comments?post=47721"}],"version-history":[{"count":1,"href":"https:\/\/colimdo.org\/wp-api\/wp\/v2\/posts\/47721\/revisions"}],"predecessor-version":[{"id":47723,"href":"https:\/\/colimdo.org\/wp-api\/wp\/v2\/posts\/47721\/revisions\/47723"}],"wp:featuredmedia":[{"embeddable":true,"href":"https:\/\/colimdo.org\/wp-api\/wp\/v2\/media\/47722"}],"wp:attachment":[{"href":"https:\/\/colimdo.org\/wp-api\/wp\/v2\/media?parent=47721"}],"wp:term":[{"taxonomy":"category","embeddable":true,"href":"https:\/\/colimdo.org\/wp-api\/wp\/v2\/categories?post=47721"},{"taxonomy":"post_tag","embeddable":true,"href":"https:\/\/colimdo.org\/wp-api\/wp\/v2\/tags?post=47721"}],"curies":[{"name":"wp","href":"https:\/\/api.w.org\/{rel}","templated":true}]}}