{"id":47739,"date":"2019-01-29T15:01:53","date_gmt":"2019-01-29T15:01:53","guid":{"rendered":"https:\/\/colimdo.org\/?p=47739"},"modified":"2019-01-29T20:03:07","modified_gmt":"2019-01-29T20:03:07","slug":"campeones-nacionales-comienzan-miercoles-practicas-serie-del-caribe","status":"publish","type":"post","link":"https:\/\/colimdo.org\/noticias\/campeones-nacionales-comienzan-miercoles-practicas-serie-del-caribe\/","title":{"rendered":"Campeones nacionales comienzan mi\u00e9rcoles pr\u00e1cticas para Serie del Caribe"},"content":{"rendered":"<div id=\"x_yui_3_16_0_ym19_1_1548620081331_280580\"><span id=\"x_yui_3_16_0_ym19_1_1548620081331_280581\">SAN PEDRO DE MACOR\u00cdS.- Las Estrellas Orientales comenzar\u00e1n este mi\u00e9rcoles (9:00 a.m.) las pr\u00e1cticas con miras a su participaci\u00f3n en la Serie del Caribe 2019, la cual se disputar\u00e1 en Ciudad Panam\u00e1 (Panam\u00e1), del 4 al 10 de febrero venidero.<\/span><\/div>\n<div><\/div>\n<div id=\"x_yui_3_16_0_ym19_1_1548620081331_280583\"><span id=\"x_yui_3_16_0_ym19_1_1548620081331_280584\">Las pr\u00e1cticas tendr\u00e1n lugar en el Estadio Tetelo Vargas, de San Pedro de Macor\u00eds, bajo la direcci\u00f3n del manager Fernando Tatis y su cuerpo de coaches de la temporada 2018-2019, en la cual, las Estrellas se coronaron campeonas del b\u00e9isbol profesional dominicano, al imponerse 5-1 a los Toros del Este, en la Serie Final al mejor en nueve juegos.<\/span><\/div>\n<div><\/div>\n<div id=\"x_yui_3_16_0_ym19_1_1548620081331_280586\"><span id=\"x_yui_3_16_0_ym19_1_1548620081331_280587\">El vicepresidente de operaciones de b\u00e9isbol de las Estrellas, Jos\u00e9 Mall\u00e9n Calac, anunci\u00f3 el roster del equipo para el cl\u00e1sico, en el cual tambi\u00e9n participar\u00e1n los campeones de las ligas de Cuba, Puerto Rico, Venezuela, M\u00e9xico y Panam\u00e1.<\/span><\/div>\n<div><\/div>\n<div id=\"x_yui_3_16_0_ym19_1_1548620081331_280589\"><span id=\"x_yui_3_16_0_ym19_1_1548620081331_280590\">En el roster de las Estrellas estar\u00e1n ocho jugadores de los Toros, incluyendo al ganador del premio Jugador M\u00e1s Valioso en la Serie Regular del torneo local, Yordany Valdespin. Adem\u00e1s de los jugadores de los Toros, las Estrellas se reforzar\u00e1n con jugadores de las \u00c1guilas Cibae\u00f1as, Leones del Escogido y Gigantes del Cibao.<\/span><\/div>\n<div id=\"x_yui_3_16_0_ym19_1_1548620081331_280592\"><span id=\"x_yui_3_16_0_ym19_1_1548620081331_280593\">Las Estrellas ya tienen acuerdo con los lanzadores abridores de los Toros Ra\u00fal Vald\u00e9s, Paolo Espino y Jenrry Mej\u00eda. Tambi\u00e9n con los relevistas Michael Dimock, Jhan Mari\u00f1ez y Fernando Abad. As\u00ed como con el jardinero Rub\u00e9n Sosa.<\/span><\/div>\n<div><\/div>\n<div id=\"x_yui_3_16_0_ym19_1_1548620081331_280595\"><span id=\"x_yui_3_16_0_ym19_1_1548620081331_280596\">Asimismo, los Orientales anunciaron que tienen acuerdo para asistir con ese club a la Serie del Caribe con el receptor del Escogido Wilkin Castillo, el antesalista de las \u00c1guilas Diego Goris y el jardinero de los Gigantes Mois\u00e9s Sierra.<\/span><\/div>\n<div><\/div>\n<div id=\"x_yui_3_16_0_ym19_1_1548620081331_280598\"><span id=\"x_yui_3_16_0_ym19_1_1548620081331_280599\">Confirmaron que seguir\u00e1n con los Orientales el lanzador abridor cubano Yunesky Maya, reclutado en el sorteo de equipos eliminados para el Round Robin, procedente de las \u00c1guilas; as\u00ed como tambi\u00e9n el relevista M\u00e1ximo Nelson, reclutado en ese mismo tipo de sorteo, desde los Gigantes.<\/span><\/div>\n<div><\/div>\n<div id=\"x_yui_3_16_0_ym19_1_1548620081331_280601\"><b id=\"x_yui_3_16_0_ym19_1_1548620081331_280602\"><u id=\"x_yui_3_16_0_ym19_1_1548620081331_280603\"><span id=\"x_yui_3_16_0_ym19_1_1548620081331_280604\">Tatis Jr. y Sir\u00ed no ir\u00e1n<\/span><\/u><\/b><\/div>\n<div><\/div>\n<div id=\"x_yui_3_16_0_ym19_1_1548620081331_280606\"><span id=\"x_yui_3_16_0_ym19_1_1548620081331_280607\">El torpedero Fernando Tatis Jr. y el jardinero Jos\u00e9 Sir\u00ed, dos piezas claves en el engranaje que le dio el t\u00edtulo de campe\u00f3n a Estrellas Orientales, no estar\u00e1n con el club en el llamado Cl\u00e1sico de Febrero.<\/span><\/div>\n<div><\/div>\n<div id=\"x_yui_3_16_0_ym19_1_1548620081331_280609\"><span id=\"x_yui_3_16_0_ym19_1_1548620081331_280610\">Tatis Jr. , el ganador del premio Jugador M\u00e1s Valioso en el Round Robin; y Sir\u00ed, merecedor de esa distinci\u00f3n en la Serie Final, no recibieron el permiso correspondiente de sus respectivas organizaciones de Grandes Ligas, Padres de San Diego y Rojos de Cincinnati, para jugar en el festival de campeones del b\u00e9isbol caribe\u00f1o.<\/span><\/div>\n<div><\/div>\n<div id=\"x_yui_3_16_0_ym19_1_1548620081331_280612\"><b id=\"x_yui_3_16_0_ym19_1_1548620081331_280613\"><u id=\"x_yui_3_16_0_ym19_1_1548620081331_280614\"><span id=\"x_yui_3_16_0_ym19_1_1548620081331_280615\">San\u00f3 tampoco estar\u00e1<\/span><\/u><\/b><\/div>\n<div><\/div>\n<div id=\"x_yui_3_16_0_ym19_1_1548620081331_280617\"><span id=\"x_yui_3_16_0_ym19_1_1548620081331_280618\">El jugador de Grandes Ligas Miguel San\u00f3, de los Mellizos de Minnesota, es otro jugador de importancia en la fila de las Estrellas que no vestir\u00e1 la franela verde del club, en la Serie del Caribe, por no tener permiso para ello de su organizaci\u00f3n de Grandes Ligas.<\/span><\/div>\n<div><\/div>\n<div id=\"x_yui_3_16_0_ym19_1_1548620081331_280620\"><span id=\"x_yui_3_16_0_ym19_1_1548620081331_280621\">Otros que tampoco estar\u00e1n con los Estrellas son los refuerzos venezolanos H\u00e9ctor S\u00e1nchez (catcher), H\u00e9ctor Gim\u00e9nez (inicialista) y Daniel Mayora (antesalista). Tampoco el lanzador abridor norteamericano, de origen cubano, N\u00e9stor Cort\u00e9s.<\/span><\/div>\n<div><\/div>\n<div id=\"x_yui_3_16_0_ym19_1_1548620081331_280623\"><b id=\"x_yui_3_16_0_ym19_1_1548620081331_280624\"><u id=\"x_yui_3_16_0_ym19_1_1548620081331_280625\"><span id=\"x_yui_3_16_0_ym19_1_1548620081331_280626\">Lanzadores abridores y relevistas<\/span><\/u><\/b><\/div>\n<div><\/div>\n<div id=\"x_yui_3_16_0_ym19_1_1548620081331_280628\"><span id=\"x_yui_3_16_0_ym19_1_1548620081331_280629\">Los seis lanzadores abridores con quienes contar\u00e1n las Estrellas en la Serie del Caribe de este a\u00f1o ser\u00e1n: Yunesky Maya, Radham\u00e9s Liz, Evan MacLane, Ra\u00fal Vald\u00e9s, Paolo Espino y Jenrry Mej\u00eda.<\/span><\/div>\n<div id=\"x_yui_3_16_0_ym19_1_1548620081331_280631\"><span id=\"x_yui_3_16_0_ym19_1_1548620081331_280632\">Los relevistas ser\u00e1n: Jos\u00e9 Rafael D\u00edaz (Jumbo), Rom\u00e1n M\u00e9ndez, Michael Dimock, Marlon Arias, Odrisamer Despaigne, Jhan Mar\u00ed\u00f1ez, Fernando Abada, Alexis Candelario y M\u00e1ximo Nelson.<\/span><\/div>\n<div><\/div>\n<div id=\"x_yui_3_16_0_ym19_1_1548620081331_280634\"><b id=\"x_yui_3_16_0_ym19_1_1548620081331_280635\"><u id=\"x_yui_3_16_0_ym19_1_1548620081331_280636\"><span id=\"x_yui_3_16_0_ym19_1_1548620081331_280637\">Infielders y outfielders<\/span><\/u><\/b><\/div>\n<div><\/div>\n<div id=\"x_yui_3_16_0_ym19_1_1548620081331_280639\"><span id=\"x_yui_3_16_0_ym19_1_1548620081331_280640\">Los jugadores del cuadro interior de las Estrellas en la tambi\u00e9n llamada Peque\u00f1a Serie Mundial Latinoamericana ser\u00e1n Alfredo Reyes, Jordany Valdespin, Gustavo N\u00fa\u00f1ez, Orlando Calixte, Diego Goris, <\/span><span id=\"x_yui_3_16_0_ym19_1_1548620081331_280640\">Angelo Mora. Tambi\u00e9n los receptores Audry P\u00e9rez y Wilkin Castillo.<\/span><\/div>\n<div><\/div>\n<div id=\"x_yui_3_16_0_ym19_1_1548620081331_280642\"><span id=\"x_yui_3_16_0_ym19_1_1548620081331_280643\">Asimismo, los jardineros ser\u00e1n Junior Lake, Emilio Gustave, Rub\u00e9n Sosa, Mois\u00e9s Sierra, Yasmany Tom\u00e1s y Aneury Tav\u00e1rez.<\/span><\/div>\n","protected":false},"excerpt":{"rendered":"<p>SAN PEDRO DE MACOR\u00cdS.- Las Estrellas Orientales comenzar\u00e1n este mi\u00e9rcoles (9:00 a.m.) las pr\u00e1cticas con miras a su participaci\u00f3n en la Serie del Caribe 2019, la cual se disputar\u00e1 en Ciudad Panam\u00e1 (Panam\u00e1), del 4 al 10 de febrero venidero. Las pr\u00e1cticas tendr\u00e1n lugar en el Estadio Tetelo Vargas, de San Pedro de Macor\u00eds, bajo [&hellip;]<\/p>\n","protected":false},"author":9,"featured_media":47740,"comment_status":"closed","ping_status":"closed","sticky":false,"template":"","format":"standard","meta":[],"categories":[2,60],"tags":[],"acf":[],"_links":{"self":[{"href":"https:\/\/colimdo.org\/wp-api\/wp\/v2\/posts\/47739"}],"collection":[{"href":"https:\/\/colimdo.org\/wp-api\/wp\/v2\/posts"}],"about":[{"href":"https:\/\/colimdo.org\/wp-api\/wp\/v2\/types\/post"}],"author":[{"embeddable":true,"href":"https:\/\/colimdo.org\/wp-api\/wp\/v2\/users\/9"}],"replies":[{"embeddable":true,"href":"https:\/\/colimdo.org\/wp-api\/wp\/v2\/comments?post=47739"}],"version-history":[{"count":1,"href":"https:\/\/colimdo.org\/wp-api\/wp\/v2\/posts\/47739\/revisions"}],"predecessor-version":[{"id":47741,"href":"https:\/\/colimdo.org\/wp-api\/wp\/v2\/posts\/47739\/revisions\/47741"}],"wp:featuredmedia":[{"embeddable":true,"href":"https:\/\/colimdo.org\/wp-api\/wp\/v2\/media\/47740"}],"wp:attachment":[{"href":"https:\/\/colimdo.org\/wp-api\/wp\/v2\/media?parent=47739"}],"wp:term":[{"taxonomy":"category","embeddable":true,"href":"https:\/\/colimdo.org\/wp-api\/wp\/v2\/categories?post=47739"},{"taxonomy":"post_tag","embeddable":true,"href":"https:\/\/colimdo.org\/wp-api\/wp\/v2\/tags?post=47739"}],"curies":[{"name":"wp","href":"https:\/\/api.w.org\/{rel}","templated":true}]}}