{"id":47759,"date":"2019-01-29T19:59:01","date_gmt":"2019-01-29T19:59:01","guid":{"rendered":"https:\/\/colimdo.org\/?p=47759"},"modified":"2019-01-29T19:59:01","modified_gmt":"2019-01-29T19:59:01","slug":"miderec-honra-padres-fundadores-mes-la-patria","status":"publish","type":"post","link":"https:\/\/colimdo.org\/noticias\/miderec-honra-padres-fundadores-mes-la-patria\/","title":{"rendered":"Miderec honra Padres fundadores por el Mes de la Patria"},"content":{"rendered":"<p style=\"font-weight: 400;\">SANTO DOMINGO.- Con motivo del mes de la patria, el Ministerio de Deportes y Recreaci\u00f3n (Miderec) deposit\u00f3 este martes 29 de enero una ofrenda floral en el Altar de la Patria como forma de honrar y homenajear a los padres fundadores de la nacionalidad dominicana.<\/p>\n<p style=\"font-weight: 400;\">El acto estuvo encabezado por el vice-ministro de Deportes Federados y Alto Rendimiento\u00a0 Enmanuel Trinidad en representaci\u00f3n del ministro licenciado Danilo D\u00edaz Vizca\u00edno, quien resalt\u00f3 que de esta manera dan cumplimiento al llamado que le hiciera la Comisi\u00f3n Permanente de Efem\u00e9rides Patrias y sumarse a las festividades del Mes de la Patria.<\/p>\n<p style=\"font-weight: 400;\">\u201cEl Ministerio de Deportes acude nuevamente al llamado que nos hiciera la Comisi\u00f3n Permanente de Efem\u00e9rides Patrias a rendir homenaje a nuestros padres fundadores en este mes de la patria que se inicia con el nacimiento de nuestro fundador, Juan Pablo Duarte, el 26 de enero y termina el 27 de Febrero con la Independencia Nacional&#8221;, expres\u00f3.<\/p>\n<p style=\"font-weight: 400;\">&#8220;Es por eso que estamos aqu\u00ed, rindiendo honor a estos hombres que entregaron sus vidas para que hoy tuvi\u00e9ramos una naci\u00f3n libre e independiente&#8221;, puntualiz\u00f3 Enmanuel Trinidad.<\/p>\n<p style=\"font-weight: 400;\">En la actividad acompa\u00f1aron al funcionario los tambi\u00e9n viceministros, T\u00e9cnico An\u00edbal Portorreal y de Deportes para Todos Soterio Ram\u00edrez; Heriberto Morrison, director del Gabinete del Ministerio del Ministerio; as\u00ed como directores, funcionarios y empleados de la instituci\u00f3n.<\/p>\n","protected":false},"excerpt":{"rendered":"<p>SANTO DOMINGO.- Con motivo del mes de la patria, el Ministerio de Deportes y Recreaci\u00f3n (Miderec) deposit\u00f3 este martes 29 de enero una ofrenda floral en el Altar de la Patria como forma de honrar y homenajear a los padres fundadores de la nacionalidad dominicana. El acto estuvo encabezado por el vice-ministro de Deportes Federados [&hellip;]<\/p>\n","protected":false},"author":9,"featured_media":47760,"comment_status":"closed","ping_status":"closed","sticky":false,"template":"","format":"standard","meta":[],"categories":[2,60],"tags":[],"acf":[],"_links":{"self":[{"href":"https:\/\/colimdo.org\/wp-api\/wp\/v2\/posts\/47759"}],"collection":[{"href":"https:\/\/colimdo.org\/wp-api\/wp\/v2\/posts"}],"about":[{"href":"https:\/\/colimdo.org\/wp-api\/wp\/v2\/types\/post"}],"author":[{"embeddable":true,"href":"https:\/\/colimdo.org\/wp-api\/wp\/v2\/users\/9"}],"replies":[{"embeddable":true,"href":"https:\/\/colimdo.org\/wp-api\/wp\/v2\/comments?post=47759"}],"version-history":[{"count":1,"href":"https:\/\/colimdo.org\/wp-api\/wp\/v2\/posts\/47759\/revisions"}],"predecessor-version":[{"id":47761,"href":"https:\/\/colimdo.org\/wp-api\/wp\/v2\/posts\/47759\/revisions\/47761"}],"wp:featuredmedia":[{"embeddable":true,"href":"https:\/\/colimdo.org\/wp-api\/wp\/v2\/media\/47760"}],"wp:attachment":[{"href":"https:\/\/colimdo.org\/wp-api\/wp\/v2\/media?parent=47759"}],"wp:term":[{"taxonomy":"category","embeddable":true,"href":"https:\/\/colimdo.org\/wp-api\/wp\/v2\/categories?post=47759"},{"taxonomy":"post_tag","embeddable":true,"href":"https:\/\/colimdo.org\/wp-api\/wp\/v2\/tags?post=47759"}],"curies":[{"name":"wp","href":"https:\/\/api.w.org\/{rel}","templated":true}]}}