{"id":47765,"date":"2019-01-29T22:07:00","date_gmt":"2019-01-29T22:07:00","guid":{"rendered":"https:\/\/colimdo.org\/?p=47765"},"modified":"2019-01-29T22:07:17","modified_gmt":"2019-01-29T22:07:17","slug":"la-liga-voleibol-superior-femenina-sera-dedicada-cristobal-marte","status":"publish","type":"post","link":"https:\/\/colimdo.org\/noticias\/la-liga-voleibol-superior-femenina-sera-dedicada-cristobal-marte\/","title":{"rendered":"La Liga Voleibol Superior Femenina ser\u00e1 dedicada a Crist\u00f3bal Marte"},"content":{"rendered":"<p><strong>SANTO DOMINGO<\/strong>.- Con expectativas de que ser\u00e1 m\u00e1s exitoso que la primera versi\u00f3n, el segundo torneo de la Liga de Voleibol Superior (LVS) tendr\u00e1 su inicio el viernes 1 de marZo con muy merecida dedicatoria a Crist\u00f3bal Marte, presidente de la Confederaci\u00f3n Norceca y director del Proyecto Nacional Femenino, vertiente en que logr\u00f3 catapultar al pa\u00eds al top-10 mundial.<\/p>\n<p>Las campeonas Caribe\u00f1as\/New Horizons, Mirador, Las Guerreras y Cristo Rey, los clubes de voleibol que dieron inicio a la nueva liga el a\u00f1o pasado retornan para esta segunda entrega que tendr\u00eda una duraci\u00f3n m\u00e1xima hasta el siete de abril, si es que la final, pactada a un 5-3, llegare hasta el m\u00e1ximo.<\/p>\n<p>Se jugar\u00e1 el certamen en el palacio del voleibol Ricardo \u2013Gioriver- Arias, los d\u00edas martes, mi\u00e9rcoles y viernes en tandas sencillas a partir de las 7:30 de la noche; y dos partidos los domingos, con la novedad de que ser\u00e1n a las 11:00 de la ma\u00f1ana y 1:00 de la tarde.<\/p>\n<p>Los detalles los ofrecieron este martes 29 de enero el presidente de la entidad organizadora, la Asociaci\u00f3n de Voleibol del Distrito Nacional, \u00c1ngel Rivas; y el titular del Comit\u00e9 Organizador, Horacio Mazara, director del Instituto Nacional de Aguas Potables y Alcantarillados (INAPA), durante rueda de prensa en el sal\u00f3n James Rodr\u00edguez del Ministerio de Deportes.<\/p>\n<p>Estuvieron acompa\u00f1aros del ministro de Deportes y Recreaci\u00f3n, Danilo D\u00edaz; del presidente del Comit\u00e9 Ol\u00edmpico Dominicana y miembro del Internacional (COI), Luis Mej\u00eda; y del propio Crist\u00f3bal Marte.<\/p>\n<p>\u00c1ngel Rivas, quien proclam\u00f3 que en esta versi\u00f3n traer\u00e1n nuevas cosas a favor de los aficionados, indic\u00f3 que los miembros de la LVS decidieron, a unanimidad, dedicarla a Crist\u00f3bal Marte, a quien defini\u00f3 como un hombre que genera pasiones y asume decisiones y por cuyo car\u00e1cter ha logrado grandes objetivos a favor del pa\u00eds.<\/p>\n<p>Rivas se apoy\u00f3 en los presidentes de los equipos, Ricardo \u2013Gioriver- Arias, por Mirador; Milagros Cabral, de Cristo Rey; Jos\u00e9 Augusto Castro, de las Caribe\u00f1as\/New Horizons; y Rafael Cordero Hach\u00e9, de las Guerreras. Nelson Ram\u00edrez, director T\u00e9cnico, inform\u00f3 sobre el calendario de juegos.<\/p>\n<p>El presidente del Comit\u00e9 Organizador, Horacio Mazara, agradeci\u00f3 a la entidad por ser escogido como tal y se desmarc\u00f3 por aceptar con humildad el reto, con la \u00fanica intenci\u00f3n de colaborar por el \u00e9xito del mismo, ya que se considera como \u201cun hombre del voleibol\u201d. A tal efecto, hizo entrega de un primer aporte, cuyo monto no divulg\u00f3.<\/p>\n<p>El ministro de Deportes Danilo D\u00edaz destac\u00f3, que entre los grandes logros del deporte dominicano en 2018, que el Miderec resalt\u00f3 en sus memorias, fue el rescate de una serie de eventos y el de la Liga de Voleibol\u00a0 Superior fue uno de ellos.<\/p>\n<p>Felicit\u00f3 a los organizadores por escoger a Mazara para presidir el torneo y la dedicatoria a Crist\u00f3bal Marte. Ponder\u00f3 el apoyo que ha recibido de diversas entidades y el sector privado, a cuyo respaldo uni\u00f3 el de la entidad que dirige.<\/p>\n<p>Crist\u00f3bal Marte, aparte de agradecer la dedicatoria, ponder\u00f3 el gran respaldo que durante su gesti\u00f3n ha ofrecido el ministro D\u00edaz al voleibol nacional.<\/p>\n<p>Afirm\u00f3 que en principio objet\u00f3 la dedicatoria, porque en el pa\u00eds se acostumbra dedicar eventos a cambio de alg\u00fan aporte. \u201cAhora no es a cambio de nada\u201d, dijo.<\/p>\n<p>Indic\u00f3 que cuando le presentaron el proyecto de la LVS el a\u00f1o pasado, lo acept\u00f3 porque piensa que es la mejor plataforma para viabilizar el desarrollo del voleibol femenino y de las jugadoras que vienen subiendo en el Proyecto Nacional, del que asegur\u00f3, que ahora cuenta con 593 jugadoras, desde los ocho a\u00f1os de edad.<\/p>\n<p>Mostr\u00f3 su total conformidad con el cumplimiento de algo que solicit\u00f3 el a\u00f1o pasado: que se respetara a las atletas y se les pagara a todas y que los cuatro equipos pagaron hasta el \u00faltimo centavo.<\/p>\n<p>Asegur\u00f3 que para este a\u00f1o, entre otras cosas, se acord\u00f3 pagarles un 50 por ciento de aumento a las jugadoras. Agreg\u00f3 que ofrecer\u00e1 su respaldo al torneo a trav\u00e9s de las distintas entidades en que est\u00e1 involucrado.<\/p>\n","protected":false},"excerpt":{"rendered":"<p>\u00c1ngel Rivas inform\u00f3 este martes que la segunda versi\u00f3n comenzar\u00e1 el primero de marzo y que Horacio Mazara es el presidente del Comit\u00e9 Organizador.<\/p>\n","protected":false},"author":13,"featured_media":47766,"comment_status":"closed","ping_status":"closed","sticky":false,"template":"","format":"standard","meta":[],"categories":[2],"tags":[],"acf":[],"_links":{"self":[{"href":"https:\/\/colimdo.org\/wp-api\/wp\/v2\/posts\/47765"}],"collection":[{"href":"https:\/\/colimdo.org\/wp-api\/wp\/v2\/posts"}],"about":[{"href":"https:\/\/colimdo.org\/wp-api\/wp\/v2\/types\/post"}],"author":[{"embeddable":true,"href":"https:\/\/colimdo.org\/wp-api\/wp\/v2\/users\/13"}],"replies":[{"embeddable":true,"href":"https:\/\/colimdo.org\/wp-api\/wp\/v2\/comments?post=47765"}],"version-history":[{"count":1,"href":"https:\/\/colimdo.org\/wp-api\/wp\/v2\/posts\/47765\/revisions"}],"predecessor-version":[{"id":47767,"href":"https:\/\/colimdo.org\/wp-api\/wp\/v2\/posts\/47765\/revisions\/47767"}],"wp:featuredmedia":[{"embeddable":true,"href":"https:\/\/colimdo.org\/wp-api\/wp\/v2\/media\/47766"}],"wp:attachment":[{"href":"https:\/\/colimdo.org\/wp-api\/wp\/v2\/media?parent=47765"}],"wp:term":[{"taxonomy":"category","embeddable":true,"href":"https:\/\/colimdo.org\/wp-api\/wp\/v2\/categories?post=47765"},{"taxonomy":"post_tag","embeddable":true,"href":"https:\/\/colimdo.org\/wp-api\/wp\/v2\/tags?post=47765"}],"curies":[{"name":"wp","href":"https:\/\/api.w.org\/{rel}","templated":true}]}}