{"id":47771,"date":"2019-01-29T22:30:33","date_gmt":"2019-01-29T22:30:33","guid":{"rendered":"https:\/\/colimdo.org\/?p=47771"},"modified":"2019-01-29T22:30:59","modified_gmt":"2019-01-29T22:30:59","slug":"clasico-la-amistad-ciclismo-tendra-cifra-record-participantes","status":"publish","type":"post","link":"https:\/\/colimdo.org\/noticias\/clasico-la-amistad-ciclismo-tendra-cifra-record-participantes\/","title":{"rendered":"Cl\u00e1sico de la Amistad de Ciclismo tendr\u00e1 cifra r\u00e9cord participantes"},"content":{"rendered":"<p><strong>SANTO DOMINGO<\/strong>.- Un total de 300 pedalistas correr\u00e1n en la segunda versi\u00f3n del Cl\u00e1sico la Amistad 2019, anunci\u00f3 el director del evento, Emilio Valdez (El Caballito), quien asegur\u00f3 que la comunicadora Sussy Jim\u00e9nez ser\u00e1 la presidenta del Comit\u00e9 Organizador.<\/p>\n<p>El Cl\u00e1sico cicl\u00edstico repartir\u00e1 120 mil pesos en met\u00e1lico, adem\u00e1s de regalos por parte de los patrocinadores.<\/p>\n<p>Patrocinar\u00e1n la justa La C\u00e1mara de Diputados, Presidencia de la Rep\u00fablica, Baker Tilly, Molinos Modernos, Miderec, el COD, el Intrant, ClubMauricio B\u00e1ez, la Fedoci, entre otros.<\/p>\n<p>El evento se correr\u00e1 el\u00a0 pr\u00f3ximo domingo 10 de febrero a partir de las 9:00 de la ma\u00f1ana.<\/p>\n<p>Caballito\u00a0asegur\u00f3 que la segunda versi\u00f3n se correr\u00e1 en la avenida Expreso\u00a0V Centenario, para de esa manera los ciclistas tengan m\u00e1s espacios.<\/p>\n<p>El segundo Cl\u00e1sico la Amistad se correr\u00e1 en cinco categor\u00edas: Elite, Juvenil, M\u00e1ster A y B, adem\u00e1s de Femenino.<\/p>\n<p>Cabe mencionar que dicha carrera tendr\u00e1 un despliegue a nivel nacional, ya que se transmitir\u00e1 en vivo por el canal del Comit\u00e9 Ol\u00edmpico Dominicano (CTV).<\/p>\n<p>Expres\u00f3 que la justa cuenta con el aval de la Asociaci\u00f3n de Ciclismo del Distrito Nacional y la Federaci\u00f3n Dominicana de ese deporte.<\/p>\n<p>Caballito\u00a0extern\u00f3 que el Cl\u00e1sico la Amistad es una iniciativa a favor de la juventud y el deporte de ciclismo.<\/p>\n<p>Rueda de prensa<\/p>\n<p>El Caballito asegur\u00f3 que los pormenores de la justa se dar\u00e1n a conocer el pr\u00f3ximo martes (5 de febrero), en el COD, a las 10:30 de la ma\u00f1ana.<\/p>\n","protected":false},"excerpt":{"rendered":"<p>Unos 300 pedalistas de todo el pa\u00ecs participar\u00e1n en el certamen, en su segunda versi\u00f3n, que tendr\u00e1 lugar el  domingo 10 de febrero a las 9:00 de la ma\u00f1ana.<\/p>\n","protected":false},"author":13,"featured_media":47772,"comment_status":"closed","ping_status":"closed","sticky":false,"template":"","format":"standard","meta":[],"categories":[2],"tags":[],"acf":[],"_links":{"self":[{"href":"https:\/\/colimdo.org\/wp-api\/wp\/v2\/posts\/47771"}],"collection":[{"href":"https:\/\/colimdo.org\/wp-api\/wp\/v2\/posts"}],"about":[{"href":"https:\/\/colimdo.org\/wp-api\/wp\/v2\/types\/post"}],"author":[{"embeddable":true,"href":"https:\/\/colimdo.org\/wp-api\/wp\/v2\/users\/13"}],"replies":[{"embeddable":true,"href":"https:\/\/colimdo.org\/wp-api\/wp\/v2\/comments?post=47771"}],"version-history":[{"count":1,"href":"https:\/\/colimdo.org\/wp-api\/wp\/v2\/posts\/47771\/revisions"}],"predecessor-version":[{"id":47773,"href":"https:\/\/colimdo.org\/wp-api\/wp\/v2\/posts\/47771\/revisions\/47773"}],"wp:featuredmedia":[{"embeddable":true,"href":"https:\/\/colimdo.org\/wp-api\/wp\/v2\/media\/47772"}],"wp:attachment":[{"href":"https:\/\/colimdo.org\/wp-api\/wp\/v2\/media?parent=47771"}],"wp:term":[{"taxonomy":"category","embeddable":true,"href":"https:\/\/colimdo.org\/wp-api\/wp\/v2\/categories?post=47771"},{"taxonomy":"post_tag","embeddable":true,"href":"https:\/\/colimdo.org\/wp-api\/wp\/v2\/tags?post=47771"}],"curies":[{"name":"wp","href":"https:\/\/api.w.org\/{rel}","templated":true}]}}