{"id":47777,"date":"2019-01-30T03:20:07","date_gmt":"2019-01-30T03:20:07","guid":{"rendered":"https:\/\/colimdo.org\/?p=47777"},"modified":"2019-01-30T03:20:07","modified_gmt":"2019-01-30T03:20:07","slug":"andy-murray-se-volvio-operar-la-cadera","status":"publish","type":"post","link":"https:\/\/colimdo.org\/noticias\/andy-murray-se-volvio-operar-la-cadera\/","title":{"rendered":"Andy Murray se volvi\u00f3 a operar la cadera"},"content":{"rendered":"<p>ESPN.- Andy Murray se someti\u00f3 a una cirug\u00eda reconstructiva de cadera con la esperanza de dejar atr\u00e1s el dolor que le impide jugar y que le llev\u00f3 a contemplar su retiro para Wimbledon de este mismo a\u00f1o.<\/p>\n<p>&#8220;Con suerte, este ser\u00e1 el final de mi dolor en la cadera. Ahora tengo una de metal&#8221;, comparti\u00f3 el escoc\u00e9s a trav\u00e9s de sus redes sociales.<\/p>\n<p>Murray ya se hab\u00eda operado en enero de 2018, forzado por las molestias cr\u00f3nicas en la zona y despu\u00e9s de evitar por largo tiempo el paso por el quir\u00f3fano.<\/p>\n<p>Aquella vuelta lo tuvo en cancha apenas 12 partidos en la temporada. Y la apertura de 2019 precipit\u00f3 el peor de los desenlaces&#8230;<\/p>\n<p>En la previa de Australia, Murray anunci\u00f3 que dejar\u00eda el tenis por el dolor y que Melbourne pod\u00eda ser incluso su \u00faltimo torneo.<\/p>\n<p>All\u00ed el escoc\u00e9s libr\u00f3 una batalla \u00e9pica ante Roberto Bautista en primera ronda y tras el abrumador apoyo del p\u00fablico dej\u00f3 entrever que perseguir\u00eda ese m\u00ednimo porcentaje de chances para seguir jugando al tenis. Aunque hoy por hoy su futuro es una entera incertidumbre.<\/p>\n<p>La decisi\u00f3n de Murray de operarse llega despu\u00e9s de que el estadounidense Bob Bryan, uno de los mejores doblistas de la historia, le recomendase probar una pr\u00f3tesis como \u00e9l mismo hizo en agosto del a\u00f1o pasado.<\/p>\n","protected":false},"excerpt":{"rendered":"<p>Andy Murray ya se hab\u00eda operado en enero de 2018, forzado por las molestias cr\u00f3nicas en la zona y despu\u00e9s de evitar por largo tiempo el paso por el quir\u00f3fano.<\/p>\n","protected":false},"author":16,"featured_media":47778,"comment_status":"closed","ping_status":"closed","sticky":false,"template":"","format":"standard","meta":[],"categories":[2,60],"tags":[],"acf":[],"_links":{"self":[{"href":"https:\/\/colimdo.org\/wp-api\/wp\/v2\/posts\/47777"}],"collection":[{"href":"https:\/\/colimdo.org\/wp-api\/wp\/v2\/posts"}],"about":[{"href":"https:\/\/colimdo.org\/wp-api\/wp\/v2\/types\/post"}],"author":[{"embeddable":true,"href":"https:\/\/colimdo.org\/wp-api\/wp\/v2\/users\/16"}],"replies":[{"embeddable":true,"href":"https:\/\/colimdo.org\/wp-api\/wp\/v2\/comments?post=47777"}],"version-history":[{"count":1,"href":"https:\/\/colimdo.org\/wp-api\/wp\/v2\/posts\/47777\/revisions"}],"predecessor-version":[{"id":47779,"href":"https:\/\/colimdo.org\/wp-api\/wp\/v2\/posts\/47777\/revisions\/47779"}],"wp:featuredmedia":[{"embeddable":true,"href":"https:\/\/colimdo.org\/wp-api\/wp\/v2\/media\/47778"}],"wp:attachment":[{"href":"https:\/\/colimdo.org\/wp-api\/wp\/v2\/media?parent=47777"}],"wp:term":[{"taxonomy":"category","embeddable":true,"href":"https:\/\/colimdo.org\/wp-api\/wp\/v2\/categories?post=47777"},{"taxonomy":"post_tag","embeddable":true,"href":"https:\/\/colimdo.org\/wp-api\/wp\/v2\/tags?post=47777"}],"curies":[{"name":"wp","href":"https:\/\/api.w.org\/{rel}","templated":true}]}}