{"id":47789,"date":"2019-01-30T04:04:24","date_gmt":"2019-01-30T04:04:24","guid":{"rendered":"https:\/\/colimdo.org\/?p=47789"},"modified":"2019-01-30T04:04:24","modified_gmt":"2019-01-30T04:04:24","slug":"rd-jugara-la-junior-fed-davis-cup","status":"publish","type":"post","link":"https:\/\/colimdo.org\/noticias\/rd-jugara-la-junior-fed-davis-cup\/","title":{"rendered":"RD jugar\u00e1 en la Junior Fed y Davis Cup"},"content":{"rendered":"<p>COTECC. La Rep\u00fablica Dominicana participar\u00e1 la pr\u00f3xima semana los eventos de preclasificaci\u00f3n regional de las competencias de tenis, Junior Fed y Davis Cup, que ser\u00e1n celebradas en El Salvador .<\/p>\n<p>La primera en efectuarse de estas dos competencias que re\u00fanen a un total de 16 pa\u00edses, ser\u00e1 la Davis Cup, la cual ser\u00e1 realizada en la semana del 4 de febrero y reunir\u00e1 a chicos de Barbados, Costa Rica, Cuba, Curazao, El Salvador, Guatemala, Honduras, Jamaica, Nicaragua, Panam\u00e1, Puerto Rico, Surinam, Trinidad y Tobago y Rep\u00fablica Dominicana.<\/p>\n<p>Mientras la Junior Fed Cup, se jugar\u00e1 a partir de la semana del 11 de febrero y participar\u00e1n tenistas de los pa\u00edses antes mencionados a excepci\u00f3n de Surinam, y se agregar\u00e1n a Aruba y Bahamas.<\/p>\n","protected":false},"excerpt":{"rendered":"<p>Ambos eventos ten\u00edsticos se efectuar\u00e1n el mes pr\u00f3ximo en El Salvador.<\/p>\n","protected":false},"author":16,"featured_media":47791,"comment_status":"closed","ping_status":"closed","sticky":false,"template":"","format":"standard","meta":[],"categories":[2,60],"tags":[],"acf":[],"_links":{"self":[{"href":"https:\/\/colimdo.org\/wp-api\/wp\/v2\/posts\/47789"}],"collection":[{"href":"https:\/\/colimdo.org\/wp-api\/wp\/v2\/posts"}],"about":[{"href":"https:\/\/colimdo.org\/wp-api\/wp\/v2\/types\/post"}],"author":[{"embeddable":true,"href":"https:\/\/colimdo.org\/wp-api\/wp\/v2\/users\/16"}],"replies":[{"embeddable":true,"href":"https:\/\/colimdo.org\/wp-api\/wp\/v2\/comments?post=47789"}],"version-history":[{"count":1,"href":"https:\/\/colimdo.org\/wp-api\/wp\/v2\/posts\/47789\/revisions"}],"predecessor-version":[{"id":47792,"href":"https:\/\/colimdo.org\/wp-api\/wp\/v2\/posts\/47789\/revisions\/47792"}],"wp:featuredmedia":[{"embeddable":true,"href":"https:\/\/colimdo.org\/wp-api\/wp\/v2\/media\/47791"}],"wp:attachment":[{"href":"https:\/\/colimdo.org\/wp-api\/wp\/v2\/media?parent=47789"}],"wp:term":[{"taxonomy":"category","embeddable":true,"href":"https:\/\/colimdo.org\/wp-api\/wp\/v2\/categories?post=47789"},{"taxonomy":"post_tag","embeddable":true,"href":"https:\/\/colimdo.org\/wp-api\/wp\/v2\/tags?post=47789"}],"curies":[{"name":"wp","href":"https:\/\/api.w.org\/{rel}","templated":true}]}}