{"id":47800,"date":"2019-01-30T04:30:05","date_gmt":"2019-01-30T04:30:05","guid":{"rendered":"https:\/\/colimdo.org\/?p=47800"},"modified":"2019-01-30T04:30:05","modified_gmt":"2019-01-30T04:30:05","slug":"fedojudo-da-apertura-curso-tecnico-internacional-instructores-nivel-ii","status":"publish","type":"post","link":"https:\/\/colimdo.org\/noticias\/fedojudo-da-apertura-curso-tecnico-internacional-instructores-nivel-ii\/","title":{"rendered":"Fedojudo da apertura a curso t\u00e9cnico internacional para instructores nivel II"},"content":{"rendered":"<p><b><span lang=\"ES-DO\">SANTO D<\/span><\/b><b>OMINGO<\/b>.\u00a0<span lang=\"ES-DO\">La Federaci\u00f3n Dominicana de Judo (Fedojudo) dio apertura al Curso T\u00e9cnico Internacional para Entrenadores de Judo Nivel II en el Albergue Ol\u00edmpico.<\/span><\/p>\n<p><span lang=\"ES-DO\">El curso de evaluaci\u00f3n para instructores de judo, el cual concluye este s\u00e1bado, se lleva a cabo con el apoyo del Programa Solidaridad Ol\u00ecmpica del Comit\u00e9 Ol\u00ecmpico Dominicano (COD) y la Federaci\u00f2n Internacional de Judo (FIJ), a trav\u00e9s de la Academia de la FIJ.<\/span><\/p>\n<p>En la apertura del encuentro de capacitaci\u00f2n, en el que participan instructores provenientes de ocho pa\u00edses, estuvieron el licenciado Gilberto Garc\u00eca, presidente de la Fedojudo; licenciado Luis Mej\u00eca Oviedo, presidente del COD, y el equipo de la Academia de la FIJ.<\/p>\n<p>Entre los expertos enviados por la FIJ figuran Tibor Kozsla, de Hungr\u00eda, director de educaci\u00f3n de la Academia de la FIJ; Envic Galea, de Malta, director de la IJF Academy; Daniel Lascau, de Ruman\u00eda, director deportivo de la IFJ; Mikihro Mukai, experto en kodokan kata, y Frank Moussima, experto de la IJF Academy.<\/p>\n<p>La semana pasada se llev\u00f3 a cabo el Curso T\u00e9cnico para Entrenadores de Judo Nivel I con un total de 42 instructores provenientes de Estados Unidos, Latvia, Aruba, Ecuador, Costa Rica, Antillas Holandesas, M\u00e9xico y Rep\u00fablica Dominicana.<\/p>\n<p>Ambos niveles del curso son evaluativos, ya que, de manera virtual, los instructores comenzaron a recibir las clases desde el a\u00f1o pasado, con un equipo de facilitadores o expertos de la Academia de la (FIJ), que preside el se\u00f1or Marius Vizer.<\/p>\n","protected":false},"excerpt":{"rendered":"<p>El curso de evaluaci\u00f3n para instructores de judo, el cual concluye este s\u00e1bado, se lleva a cabo con el apoyo del Programa Solidaridad Ol\u00ecmpica del Comit\u00e9 Ol\u00ecmpico Dominicano (COD) y la Federaci\u00f2n Internacional de Judo (FIJ), a trav\u00e9s de la Academia de la FIJ.<\/p>\n","protected":false},"author":16,"featured_media":47801,"comment_status":"closed","ping_status":"closed","sticky":false,"template":"","format":"standard","meta":[],"categories":[3,2],"tags":[],"acf":[],"_links":{"self":[{"href":"https:\/\/colimdo.org\/wp-api\/wp\/v2\/posts\/47800"}],"collection":[{"href":"https:\/\/colimdo.org\/wp-api\/wp\/v2\/posts"}],"about":[{"href":"https:\/\/colimdo.org\/wp-api\/wp\/v2\/types\/post"}],"author":[{"embeddable":true,"href":"https:\/\/colimdo.org\/wp-api\/wp\/v2\/users\/16"}],"replies":[{"embeddable":true,"href":"https:\/\/colimdo.org\/wp-api\/wp\/v2\/comments?post=47800"}],"version-history":[{"count":1,"href":"https:\/\/colimdo.org\/wp-api\/wp\/v2\/posts\/47800\/revisions"}],"predecessor-version":[{"id":47802,"href":"https:\/\/colimdo.org\/wp-api\/wp\/v2\/posts\/47800\/revisions\/47802"}],"wp:featuredmedia":[{"embeddable":true,"href":"https:\/\/colimdo.org\/wp-api\/wp\/v2\/media\/47801"}],"wp:attachment":[{"href":"https:\/\/colimdo.org\/wp-api\/wp\/v2\/media?parent=47800"}],"wp:term":[{"taxonomy":"category","embeddable":true,"href":"https:\/\/colimdo.org\/wp-api\/wp\/v2\/categories?post=47800"},{"taxonomy":"post_tag","embeddable":true,"href":"https:\/\/colimdo.org\/wp-api\/wp\/v2\/tags?post=47800"}],"curies":[{"name":"wp","href":"https:\/\/api.w.org\/{rel}","templated":true}]}}