{"id":47809,"date":"2019-01-30T13:06:45","date_gmt":"2019-01-30T13:06:45","guid":{"rendered":"https:\/\/colimdo.org\/?p=47809"},"modified":"2019-01-30T13:06:45","modified_gmt":"2019-01-30T13:06:45","slug":"neymar-estara-diez-semanas-baja-no-pasara-quirofano","status":"publish","type":"post","link":"https:\/\/colimdo.org\/noticias\/neymar-estara-diez-semanas-baja-no-pasara-quirofano\/","title":{"rendered":"Neymar estar\u00e1 diez semanas de baja pero no pasar\u00e1 por el quir\u00f3fano"},"content":{"rendered":"<p class=\"canvas-atom canvas-text Mb(1.0em) Mb(0)--sm Mt(0.8em)--sm\">Par\u00eds, 30 ene (EFE).- El atacante brasile\u00f1o del Par\u00eds Saint-Germain Neymar estar\u00e1 diez semanas ausente de los terrenos de juego por la lesi\u00f3n que sufri\u00f3 el pasado d\u00eda 23, pero no pasar\u00e1 por el quir\u00f3fano, indic\u00f3 este mi\u00e9rcoles el club.<\/p>\n<p class=\"canvas-atom canvas-text Mb(1.0em) Mb(0)--sm Mt(0.8em)--sm\">El jugador tendr\u00e1 un tratamiento conservador de reposo de la lesi\u00f3n en el quinto metatarsiano del pie derecho, la misma que le hizo perderse la segunda mitad de la pasada temporada con el equipo de la capital francesa.<\/p>\n<p class=\"canvas-atom canvas-text Mb(1.0em) Mb(0)--sm Mt(0.8em)--sm\">El a\u00f1o pasado, presionado por la Confederaci\u00f3n Brasile\u00f1a de F\u00fatbol, que quer\u00eda tener a su jugador para el Mundial, Neymar fue operado en Brasil por el doctor de la &#8220;canarinha&#8221;, Rodrigo Lasmar.<\/p>\n<p class=\"canvas-atom canvas-text Mb(1.0em) Mb(0)--sm Mt(0.8em)--sm\">En esta ocasi\u00f3n, la decisi\u00f3n ha sido diferente y tras la reuni\u00f3n de un grupo de expertos m\u00e9dicos ayer, martes, en el centro de entrenamiento del PSG, a las afueras de Par\u00eds, tomaron la decisi\u00f3n de que el jugador no pasara por el quir\u00f3fano.<\/p>\n<p class=\"canvas-atom canvas-text Mb(1.0em) Mb(0)--sm Mt(0.8em)--sm\">&#8220;Hay consenso para proponer a Neymar un tratamiento conservador de su lesi\u00f3n&#8221;, se\u00f1al\u00f3 el club, que agreg\u00f3 que &#8220;el atacante internacional brasile\u00f1o se ha mostrado totalmente de acuerdo con este protocolo&#8221;.<\/p>\n<p class=\"canvas-atom canvas-text Mb(1.0em) Mb(0)--sm Mt(0.8em)--sm\">Los m\u00e9dicos evaluaron su ausencia en diez semanas, lo que supone que el jugador m\u00e1s caro del mundo no estar\u00e1 a disposici\u00f3n del PSG, que en agosto de 2016 pag\u00f3 por \u00e9l 222 millones de euros al Barcelona, hasta mediados de abril.<\/p>\n<p class=\"canvas-atom canvas-text Mb(1.0em) Mb(0)--sm Mt(0.8em)--sm\">Neymar se pierde as\u00ed los dos duelos de octavos de final de la Liga de Campeones contra el Manchester United, el 12 de febrero en Old Trafford y el 6 de marzo en el Parque de los Pr\u00edncipes.<\/p>\n<p class=\"canvas-atom canvas-text Mb(1.0em) Mb(0)--sm Mt(0.8em)--sm\">Pero, en caso de que sin \u00e9l sus compa\u00f1eros superen la eliminatoria y si se cumplen los plazos, tampoco estar\u00eda para los cuartos de final.<\/p>\n<p class=\"canvas-atom canvas-text Mb(1.0em) Mb(0)--sm Mt(0.8em)--sm\">Sin embargo, como ya sucedi\u00f3 la pasada campa\u00f1a, estar\u00e1 a disposici\u00f3n del seleccionador brasile\u00f1o, Tite, para disputar la Copa Am\u00e9rica en su pa\u00eds entre el 14 de junio y el 7 de julio pr\u00f3ximos.<\/p>\n<p class=\"canvas-atom canvas-text Mb(1.0em) Mb(0)--sm Mt(0.8em)--sm\">La m\u00e1xima competici\u00f3n europea es la gran apuesta del PSG para esta temporada, seg\u00fan anunciaron los propietarios catar\u00edes del club franc\u00e9s, que desembolsaron 400 millones de euros en fichajes la pasada campa\u00f1a para lograrlo.<\/p>\n<p class=\"canvas-atom canvas-text Mb(1.0em) Mb(0)--sm Mt(0.8em)--sm\">Un gasto que les ha situado en el punto de mira de la UEFA, que estudia si han producido un desequilibrio presupuestario que les pueda valer una sanci\u00f3n por incumplimiento del conocido como &#8220;juego limpio&#8221; financiero.<\/p>\n<p class=\"canvas-atom canvas-text Mb(1.0em) Mb(0)--sm Mt(0.8em)--sm\">El PSG envi\u00f3 un mensaje de \u00e1nimo al jugador, a quien mostr\u00f3 &#8220;todo su afecto, su apoyo y el mayor \u00e1nimo para superar esta lesi\u00f3n con la valent\u00eda y la determinaci\u00f3n que siempre muestra&#8221;.<\/p>\n","protected":false},"excerpt":{"rendered":"<p>El jugador tendr\u00e1 un tratamiento conservador de reposo de la lesi\u00f3n en el quinto metatarsiano del pie derecho, la misma que le hizo perderse la segunda mitad de la pasada temporada con el equipo de la capital francesa.<\/p>\n","protected":false},"author":16,"featured_media":47810,"comment_status":"closed","ping_status":"closed","sticky":false,"template":"","format":"standard","meta":[],"categories":[2,60],"tags":[],"acf":[],"_links":{"self":[{"href":"https:\/\/colimdo.org\/wp-api\/wp\/v2\/posts\/47809"}],"collection":[{"href":"https:\/\/colimdo.org\/wp-api\/wp\/v2\/posts"}],"about":[{"href":"https:\/\/colimdo.org\/wp-api\/wp\/v2\/types\/post"}],"author":[{"embeddable":true,"href":"https:\/\/colimdo.org\/wp-api\/wp\/v2\/users\/16"}],"replies":[{"embeddable":true,"href":"https:\/\/colimdo.org\/wp-api\/wp\/v2\/comments?post=47809"}],"version-history":[{"count":1,"href":"https:\/\/colimdo.org\/wp-api\/wp\/v2\/posts\/47809\/revisions"}],"predecessor-version":[{"id":47811,"href":"https:\/\/colimdo.org\/wp-api\/wp\/v2\/posts\/47809\/revisions\/47811"}],"wp:featuredmedia":[{"embeddable":true,"href":"https:\/\/colimdo.org\/wp-api\/wp\/v2\/media\/47810"}],"wp:attachment":[{"href":"https:\/\/colimdo.org\/wp-api\/wp\/v2\/media?parent=47809"}],"wp:term":[{"taxonomy":"category","embeddable":true,"href":"https:\/\/colimdo.org\/wp-api\/wp\/v2\/categories?post=47809"},{"taxonomy":"post_tag","embeddable":true,"href":"https:\/\/colimdo.org\/wp-api\/wp\/v2\/tags?post=47809"}],"curies":[{"name":"wp","href":"https:\/\/api.w.org\/{rel}","templated":true}]}}