{"id":47812,"date":"2019-01-30T13:11:01","date_gmt":"2019-01-30T13:11:01","guid":{"rendered":"https:\/\/colimdo.org\/?p=47812"},"modified":"2019-01-30T13:11:01","modified_gmt":"2019-01-30T13:11:01","slug":"eulis-baez-le-preocupa-equipo-se-acostumbre-la-mala-racha","status":"publish","type":"post","link":"https:\/\/colimdo.org\/noticias\/eulis-baez-le-preocupa-equipo-se-acostumbre-la-mala-racha\/","title":{"rendered":"A Eulis B\u00e1ez le preocupa que su equipo &#8220;se acostumbre&#8221; a la mala racha"},"content":{"rendered":"<p class=\"canvas-atom canvas-text Mb(1.0em) Mb(0)--sm Mt(0.8em)--sm\"><strong>Las Palmas de Gran Canaria (Espa\u00f1a), 30 ene (EFE).<\/strong>&#8211; El dominicano Eulis B\u00e1ez, jugador del Herbalife Gran Canaria, ha reconocido que le preocupa la mala racha de resultados de su equipo en liga espa\u00f1ola y en la Euroliga, porque parece que a veces el conjunto se acostumbra a la misma.<\/p>\n<p class=\"canvas-atom canvas-text Mb(1.0em) Mb(0)--sm Mt(0.8em)--sm\">El Herbalife Gran Canaria afrontar\u00e1 este viernes un nuevo encuentro de la competici\u00f3n continental, al recibir al Olimpia Mil\u00e1n, y el domingo se medir\u00e1 en liga a Baskonia, tambi\u00e9n en el Gran Canaria Arena.<\/p>\n<p class=\"canvas-atom canvas-text Mb(1.0em) Mb(0)--sm Mt(0.8em)--sm\">&#8220;Venimos de sufrir una derrota frente a Joventut que fue dura, porque fue un partido que ten\u00edamos bien competido, pero ya estamos entrenando fuerte para preparar los dos partidos de este fin de semana&#8221;, coment\u00f3 B\u00e1ez en rueda de prensa.<\/p>\n<p class=\"canvas-atom canvas-text Mb(1.0em) Mb(0)--sm Mt(0.8em)--sm\">B\u00e1ez est\u00e1 convencido de que Olimpia Mil\u00e1n vendr\u00e1 a ganar a su equipo el viernes, para as\u00ed desquitarse de la derrota lograda por los isle\u00f1os en Italia en la primera vuelta.<\/p>\n<p class=\"canvas-atom canvas-text Mb(1.0em) Mb(0)--sm Mt(0.8em)--sm\">&#8220;Es un conjunto dif\u00edcil, que tiene grandes jugadores como Mike James y Gudaitis, pero nosotros estamos necesitados, tras nuestras cinco derrotas consecutivas en la Euroliga, y debemos hacernos fuertes en casa, que es importante&#8221;, asegur\u00f3.<\/p>\n<p class=\"canvas-atom canvas-text Mb(1.0em) Mb(0)--sm Mt(0.8em)--sm\">El veterano ala-p\u00edvot del Gran Canaria ha dicho que su conjunto debe saber recuperarse mentalmente cuando tiene un partido de Liga menos de 48 horas despu\u00e9s de otro de Euroliga, como suceder\u00e1 este fin de semana.<\/p>\n<p class=\"canvas-atom canvas-text Mb(1.0em) Mb(0)--sm Mt(0.8em)--sm\">&#8220;Puede ser que nos repercuta un poquito el cansancio, pero nosotros debemos intentar jugar los dos partidos al m\u00e1ximo nivel, y no excusarnos con que la Euroliga nos est\u00e1 desgastando de cara a la Liga&#8221;, reconoci\u00f3.<\/p>\n<p class=\"canvas-atom canvas-text Mb(1.0em) Mb(0)--sm Mt(0.8em)--sm\">B\u00e1ez, uno de los capitanes, fue cuestionado sobre si la plantilla est\u00e1 afectada por la negatividad de los resultados y del propio entorno del equipo.<\/p>\n<p class=\"canvas-atom canvas-text Mb(1.0em) Mb(0)--sm Mt(0.8em)--sm\">&#8220;Cuando llegan los momentos claves de los partidos puede que tengamos un poco de nervios y nos falte esa sensaci\u00f3n de saber salir hacia adelante, aunque en el d\u00eda a d\u00eda estamos trabajando bien y con tranquilidad. Lo que s\u00ed es cierto es que la din\u00e1mica negativa me preocupa, porque parece que te acostumbras, y eso no es bueno&#8221;, manifest\u00f3.<\/p>\n<p class=\"canvas-atom canvas-text Mb(1.0em) Mb(0)--sm Mt(0.8em)--sm\">El jugador es de la opini\u00f3n de que su equipo no puede competir pensando \u00fanicamente en no descender.<\/p>\n<p class=\"canvas-atom canvas-text Mb(1.0em) Mb(0)--sm Mt(0.8em)--sm\">&#8220;No podemos pensar en competir para salvarnos en la Liga, sino para ser los mejores posibles. Pensar en evitar el descenso es tener poca ambici\u00f3n, y nosotros solo tenemos que centrarnos en mejorar, y m\u00e1s a\u00fan cuando quedan tantos partidos por delante&#8221;, afirm\u00f3.<\/p>\n<p class=\"canvas-atom canvas-text Mb(1.0em) Mb(0)--sm Mt(0.8em)--sm\">El capit\u00e1n del Herbalife Gran Canaria, Eulis B\u00e1ez, en un momento de la rueda de prensa que ofreci\u00f3 este mi\u00e9rcoles, con motivo del partido de Euroliga, que les enfrentar\u00e1 el pr\u00f3ximo viernes al AX Olimpia Milano.<\/p>\n","protected":false},"excerpt":{"rendered":"<p>El dominicano Eulis B\u00e1ez, jugador del Herbalife Gran Canaria, ha reconocido que le preocupa la mala racha de resultados de su equipo en liga espa\u00f1ola y en la Euroliga, porque parece que a veces el conjunto se acostumbra a la misma.<\/p>\n","protected":false},"author":16,"featured_media":47813,"comment_status":"closed","ping_status":"closed","sticky":false,"template":"","format":"standard","meta":[],"categories":[2,60],"tags":[],"acf":[],"_links":{"self":[{"href":"https:\/\/colimdo.org\/wp-api\/wp\/v2\/posts\/47812"}],"collection":[{"href":"https:\/\/colimdo.org\/wp-api\/wp\/v2\/posts"}],"about":[{"href":"https:\/\/colimdo.org\/wp-api\/wp\/v2\/types\/post"}],"author":[{"embeddable":true,"href":"https:\/\/colimdo.org\/wp-api\/wp\/v2\/users\/16"}],"replies":[{"embeddable":true,"href":"https:\/\/colimdo.org\/wp-api\/wp\/v2\/comments?post=47812"}],"version-history":[{"count":1,"href":"https:\/\/colimdo.org\/wp-api\/wp\/v2\/posts\/47812\/revisions"}],"predecessor-version":[{"id":47814,"href":"https:\/\/colimdo.org\/wp-api\/wp\/v2\/posts\/47812\/revisions\/47814"}],"wp:featuredmedia":[{"embeddable":true,"href":"https:\/\/colimdo.org\/wp-api\/wp\/v2\/media\/47813"}],"wp:attachment":[{"href":"https:\/\/colimdo.org\/wp-api\/wp\/v2\/media?parent=47812"}],"wp:term":[{"taxonomy":"category","embeddable":true,"href":"https:\/\/colimdo.org\/wp-api\/wp\/v2\/categories?post=47812"},{"taxonomy":"post_tag","embeddable":true,"href":"https:\/\/colimdo.org\/wp-api\/wp\/v2\/tags?post=47812"}],"curies":[{"name":"wp","href":"https:\/\/api.w.org\/{rel}","templated":true}]}}