{"id":47816,"date":"2019-01-30T15:17:47","date_gmt":"2019-01-30T15:17:47","guid":{"rendered":"https:\/\/colimdo.org\/?p=47816"},"modified":"2019-01-30T15:17:47","modified_gmt":"2019-01-30T15:17:47","slug":"hallan-playa-francia-asientos-podrian-avion-viajaba-sala","status":"publish","type":"post","link":"https:\/\/colimdo.org\/noticias\/hallan-playa-francia-asientos-podrian-avion-viajaba-sala\/","title":{"rendered":"Hallan en playa de Francia asientos podr\u00edan ser de avi\u00f3n en el que viajaba Sala"},"content":{"rendered":"<p>LA NACI\u00d3N. El Departamento de Accidentes A\u00e9reos de Gran Breta\u00f1a (<strong>Air Accident Investigation Branch<\/strong>) comunic\u00f3 este mi\u00e9rcoles que hallaron dos asientos de avi\u00f3n en una playa de Francia, en Cotentin, Normandia, ubicado en el Canal de la Mancha. Ahora investigan si efectivamente esos rastros corresponden al avi\u00f3n en el que viajaba Emiliano Sala, el delantero argentino que est\u00e1 desaparecido desde el lunes 21.<\/p>\n<p>Sala viajaba de Nantes a Cardiff y su avi\u00f3n tuvo el \u00faltimo contacto cuando atravesaba el Canal de la Mancha.\u00a0El jueves pasado la polic\u00eda decidi\u00f3 suspender la b\u00fasqueda dado el tiempo que hab\u00eda pasado y las bajas temperaturas. Sostuvieron que &#8220;nadie&#8221; puede sobrevivir en esas condiciones.<\/p>\n<p>Sin embargo la familia de Sala decidi\u00f3 realizar una b\u00fasqueda privada para dar con su paradero. Los dos asientos de avi\u00f3n que aparecieron hoy en la costa de Francia,\u00a0si comprueban que pertenecen al Piper Malibu en el que estaba el delantero argentino, ser\u00eda el primer rastro del vuelo.<\/p>\n<p class=\"canvas-atom canvas-text Mb(1.0em) Mb(0)--sm Mt(0.8em)--sm\" style=\"margin: 0px 0px 1em; color: #000000; font-family: Georgia, 'Times New Roman', serif; font-size: 18px; font-style: normal; font-variant-ligatures: normal; font-variant-caps: normal; font-weight: 400; letter-spacing: normal; orphans: 2; text-align: start; text-indent: 0px; text-transform: none; white-space: normal; widows: 2; word-spacing: 0px; -webkit-text-stroke-width: 0px; background-color: #ffffff; text-decoration-style: initial; text-decoration-color: initial;\">El Departamento de Accidentes Aereos de Gran Breta\u00f1a se\u00f1ala que\u00a0&#8220;probablemente&#8221; provengan del avi\u00f3n de Sala, aunque todav\u00eda no lo confirmaron. La b\u00fasqueda submarina, seg\u00fan indicaron,\u00a0comenzar\u00e1 este fin de semana para intentar dar con el paradero del avi\u00f3n en el que viajaba el delantero.<\/p>\n<p class=\"canvas-atom canvas-text Mb(1.0em) Mb(0)--sm Mt(0.8em)--sm\" style=\"margin: 0px 0px 1em; color: #000000; font-family: Georgia, 'Times New Roman', serif; font-size: 18px; font-style: normal; font-variant-ligatures: normal; font-variant-caps: normal; font-weight: 400; letter-spacing: normal; orphans: 2; text-align: start; text-indent: 0px; text-transform: none; white-space: normal; widows: 2; word-spacing: 0px; -webkit-text-stroke-width: 0px; background-color: #ffffff; text-decoration-style: initial; text-decoration-color: initial;\">Seg\u00fan consta en el informe que public\u00f3 la polic\u00eda brit\u00e1nica y que\u00a0reprodujeron los medios brit\u00e1nicos,\u00a0la noticia la tienen desde el lunes.\u00a0&#8220;En la ma\u00f1ana del lunes 28 de enero, la autoridad de investigaci\u00f3n de seguridad francesa nos inform\u00f3 que se hab\u00eda encontrado parte de un coj\u00edn en una playa cerca de Surainville en la pen\u00ednsula de Cotentin. &#8220;Un segundo coj\u00edn fue encontrado en la misma zona m\u00e1s tarde ese d\u00eda.\u00a0De un examen preliminar, hemos llegado a la conclusi\u00f3n de que es probable que los cojines sean del avi\u00f3n perdido&#8221;.<\/p>\n","protected":false},"excerpt":{"rendered":"<p>El Departamento de Accidentes A\u00e9reos de Gran Breta\u00f1a (Air Accident Investigation Branch) comunic\u00f3 este mi\u00e9rcoles que hallaron dos asientos de avi\u00f3n en una playa de Francia, en Cotentin, Normandia, ubicado en el Canal de la Mancha. Ahora investigan si efectivamente esos rastros corresponden al avi\u00f3n en el que viajaba Emiliano Sala, el delantero argentino que est\u00e1 desaparecido desde el lunes 21.<\/p>\n","protected":false},"author":16,"featured_media":47817,"comment_status":"closed","ping_status":"closed","sticky":false,"template":"","format":"standard","meta":[],"categories":[2,60],"tags":[],"acf":[],"_links":{"self":[{"href":"https:\/\/colimdo.org\/wp-api\/wp\/v2\/posts\/47816"}],"collection":[{"href":"https:\/\/colimdo.org\/wp-api\/wp\/v2\/posts"}],"about":[{"href":"https:\/\/colimdo.org\/wp-api\/wp\/v2\/types\/post"}],"author":[{"embeddable":true,"href":"https:\/\/colimdo.org\/wp-api\/wp\/v2\/users\/16"}],"replies":[{"embeddable":true,"href":"https:\/\/colimdo.org\/wp-api\/wp\/v2\/comments?post=47816"}],"version-history":[{"count":1,"href":"https:\/\/colimdo.org\/wp-api\/wp\/v2\/posts\/47816\/revisions"}],"predecessor-version":[{"id":47819,"href":"https:\/\/colimdo.org\/wp-api\/wp\/v2\/posts\/47816\/revisions\/47819"}],"wp:featuredmedia":[{"embeddable":true,"href":"https:\/\/colimdo.org\/wp-api\/wp\/v2\/media\/47817"}],"wp:attachment":[{"href":"https:\/\/colimdo.org\/wp-api\/wp\/v2\/media?parent=47816"}],"wp:term":[{"taxonomy":"category","embeddable":true,"href":"https:\/\/colimdo.org\/wp-api\/wp\/v2\/categories?post=47816"},{"taxonomy":"post_tag","embeddable":true,"href":"https:\/\/colimdo.org\/wp-api\/wp\/v2\/tags?post=47816"}],"curies":[{"name":"wp","href":"https:\/\/api.w.org\/{rel}","templated":true}]}}