{"id":47822,"date":"2019-01-30T17:36:28","date_gmt":"2019-01-30T17:36:28","guid":{"rendered":"https:\/\/colimdo.org\/?p=47822"},"modified":"2019-01-30T17:36:28","modified_gmt":"2019-01-30T17:36:28","slug":"cardenales-entusiasmados-ante-progreso-marcell-ozuna","status":"publish","type":"post","link":"https:\/\/colimdo.org\/noticias\/cardenales-entusiasmados-ante-progreso-marcell-ozuna\/","title":{"rendered":"Cardenales entusiasmados ante el progreso de Marcell Ozuna"},"content":{"rendered":"<p>SAN LUIS &#8212; Mientras estaba en la Rep\u00fablica Dominicana para la ceremonia de graduaci\u00f3n en el complejo de los Cardenales en Boca Chica el domingo, el presidente de operaciones de b\u00e9isbol de San Luis, John Mozeliak, aprovech\u00f3 el viaje para evaluar la rehabilitaci\u00f3n del jardinero quisqueyano\u00a0Marcell Ozuna.<\/p>\n<p>Mozeliak y Ozuna se reunieron esta semana y el ejecutivo describi\u00f3\u00a0la pl\u00e1tica como &#8220;muy positiva&#8221;. Ozuna, quien fue operado del hombro derecho a finales de octubre, particip\u00f3 en unas rondas de pr\u00e1cticas de bateo durante la visita.<\/p>\n<p>&#8220;Me alegra informar que se ve muy fuerte, est\u00e1 trabajando fuerte y comenzar\u00e1 su programa de tiros a comienzos de febrero&#8221;, dijo Mozeliak con respecto a Ozuna.<\/p>\n<p>Los Cardenales seguir\u00e1n monitoreando el hombro de Ozuna durante los entrenamientos primaverales, pero anticipan que el guardabosque aumente su volumen de trabajo a tiempo para estar en forma para el D\u00eda Inaugural.<\/p>\n<p>Fue un informe alentador para los Cardenales, a quienes no les agrad\u00f3 la decisi\u00f3n de Ozuna de rehabilitarse lejos del complejo del equipo en Jupiter, Florida. Sin supervisi\u00f3n del cuerpo m\u00e9dico del club, los mejores vistazos del progreso de Ozuna hab\u00edan sido por los videos que public\u00f3 el quisqueyano en su cuenta de Instagram.<\/p>\n<p>Los Cardenales pretenden evitar que ocurra lo que sucedi\u00f3 la pretemporada pasada, cuando Ozuna lleg\u00f3 a los entrenamientos quej\u00e1ndose del hombro derecho. Batall\u00f3 con dolores e inflamaci\u00f3n durante toda la campa\u00f1a antes de optar por acudir al cirujano Neal ElAttrache para operarse.<\/p>\n<p>&#8220;Siempre estamos un poco ansiosos por ver el progreso luego de que uno de nuestros jugadores se somete a una cirug\u00eda despu\u00e9s de la temporada y nuestro cuerpo m\u00e9dico no est\u00e1 presente&#8221;, declar\u00f3 el gerente general del club de San Luis, Michael Girsch.<\/p>\n<p>Ozuna, quien comenzar\u00e1 su\u00a0\u00faltimo a\u00f1o bajo contrato antes de convertirse en agente libre, se perfila como el jardinero izquierdo titular y cuarto bate de San Luis por segunda campa\u00f1a consecutiva. Un hombro saludable podr\u00eda ayudar a Ozuna en ambos aspectos.<\/p>\n<p>A finales de la temporada pasada, Ozuna reconoci\u00f3 que la molestia en el hombro lo hab\u00eda obligado a cambiar la mec\u00e1nica de su swing. Fue obvio que la lesi\u00f3n tambi\u00e9n afect\u00f3 la fuerza en su brazo, ya que termin\u00f3 en el \u00faltimo lugar en velocidad de sus lanzamientos de m\u00e1ximo esfuerzo entre los jardineros que calificaron, seg\u00fan\u00a0Statcast\u2122.<\/p>\n","protected":false},"excerpt":{"rendered":"<p>el presidente de operaciones de b\u00e9isbol de San Luis, John Mozeliak, aprovech\u00f3 el viaje para evaluar la rehabilitaci\u00f3n del jardinero quisqueyano\u00a0Marcell Ozuna, quien es una de las estrellas del conjunto de la Liga Nacional.<\/p>\n","protected":false},"author":16,"featured_media":47824,"comment_status":"closed","ping_status":"closed","sticky":false,"template":"","format":"standard","meta":[],"categories":[2,60],"tags":[],"acf":[],"_links":{"self":[{"href":"https:\/\/colimdo.org\/wp-api\/wp\/v2\/posts\/47822"}],"collection":[{"href":"https:\/\/colimdo.org\/wp-api\/wp\/v2\/posts"}],"about":[{"href":"https:\/\/colimdo.org\/wp-api\/wp\/v2\/types\/post"}],"author":[{"embeddable":true,"href":"https:\/\/colimdo.org\/wp-api\/wp\/v2\/users\/16"}],"replies":[{"embeddable":true,"href":"https:\/\/colimdo.org\/wp-api\/wp\/v2\/comments?post=47822"}],"version-history":[{"count":1,"href":"https:\/\/colimdo.org\/wp-api\/wp\/v2\/posts\/47822\/revisions"}],"predecessor-version":[{"id":47825,"href":"https:\/\/colimdo.org\/wp-api\/wp\/v2\/posts\/47822\/revisions\/47825"}],"wp:featuredmedia":[{"embeddable":true,"href":"https:\/\/colimdo.org\/wp-api\/wp\/v2\/media\/47824"}],"wp:attachment":[{"href":"https:\/\/colimdo.org\/wp-api\/wp\/v2\/media?parent=47822"}],"wp:term":[{"taxonomy":"category","embeddable":true,"href":"https:\/\/colimdo.org\/wp-api\/wp\/v2\/categories?post=47822"},{"taxonomy":"post_tag","embeddable":true,"href":"https:\/\/colimdo.org\/wp-api\/wp\/v2\/tags?post=47822"}],"curies":[{"name":"wp","href":"https:\/\/api.w.org\/{rel}","templated":true}]}}