{"id":47855,"date":"2019-01-31T02:26:52","date_gmt":"2019-01-31T02:26:52","guid":{"rendered":"https:\/\/colimdo.org\/?p=47855"},"modified":"2019-01-31T02:26:52","modified_gmt":"2019-01-31T02:26:52","slug":"prospectos-los-mellizos-minnesota-se-graduan-bachiller","status":"publish","type":"post","link":"https:\/\/colimdo.org\/noticias\/prospectos-los-mellizos-minnesota-se-graduan-bachiller\/","title":{"rendered":"Prospectos de los Mellizos de Minnesota se grad\u00faan de bachiller"},"content":{"rendered":"<p class=\"x_MsoNormal\"><b><span lang=\"ES\">Boca Chica<\/span><\/b><span lang=\"ES\">.-\u00a0La Academia de b\u00e9isbol de Los Mellizos Minnesota, con sede en la Rep\u00fablica Dominicana, celebr\u00f3 con una solemne ceremonia de graduaci\u00f3n la investidura de un grupo de prospectos peloteros que recibieron sus certificados de bachilleres, mientras que otros atletas que integran el programa, fueron promovidos al siguiente nivel, a trav\u00e9s del programa acad\u00e9mico que ofrece Centros Apec de Educaci\u00f3n a Distancia (CENAPEC).<\/span><\/p>\n<p class=\"x_MsoNormal\"><span lang=\"ES\">Esta es la primera graduaci\u00f3n del programa acad\u00e9mico CENAPEC \u2013\u00a0<\/span><span lang=\"ES\">Los Mellizos Minnesota,<\/span><span lang=\"ES\">\u00a0la cual estuvo encabezada por Jeremy Zoll, Director de Operaciones de Ligas Menores; Amanda Daley, Gerente de Administraci\u00f3n Internacional y Educaci\u00f3n Dominicana; Fred Guerrero, Director de Scout para Latinoam\u00e9rica; Francisco Solano, Administrador de la Academia; Pierre Jacotin, Coordinador de los Programas Educativos en R.D entre otros ejecutivos del equipo, quienes se acompa\u00f1aron del Sr. Antonio Musa, Director Ejecutivo CENAPEC y de otros directivos de la instituci\u00f3n educativa.<\/span><\/p>\n<p class=\"x_MsoNormal\"><span lang=\"ES\">Los graduados fueron reconocidos por su desempe\u00f1o en diversas \u00e1reas, entre los que recibieron certificados est\u00e1n: Jim Jos\u00e9 C\u00e1ceres Mosquera, quien sobresali\u00f3 en el rengl\u00f3n Perseverancia; Jos\u00e9 Juli\u00e1n Guevara Su\u00e1rez, en Esfuerzo; Nomar Enrique Urdaneta Mogoll\u00f3n, Colaboraci\u00f3n; y en liderazgo Wilfri Antonio Castro Figuereo, quien adem\u00e1s fue reconocido como el estudiante de mayor \u00edndice acad\u00e9mico con 88 puntos.<\/span><\/p>\n<p class=\"x_gmail-MsoListParagraph\"><span lang=\"ES\">Aunque concluyeron su bachillerato fuera de la Academia, pero recibieron sus certificados y realizaron su ceremonia de graduaci\u00f3n los prospectos Alex Banks Belliard, Jes\u00fas Ram\u00f3n F\u00e9liz Marte y Nelson Junior Roberto Vanterpool<b>,\u00a0<\/b>quienes tambi\u00e9n con orgullo<b>\u00a0<\/b>y emoci\u00f3n disfrutaban el haber logrado esta importante meta.<\/span><\/p>\n<p class=\"x_MsoNormal\"><span lang=\"ES\">La ceremonia de graduaci\u00f3n de la Promoci\u00f3n 2017-2018, fue realizada en la Academia\u00a0<\/span><span lang=\"ES\">los Mellizos Minnesota,<\/span><span lang=\"ES\">ubicada en el kil\u00f3metro 2, de la carretera Jubey, Boca Chica, con la presencia de jugadores de Grandes Ligas que pertenecen al equipo, como son Miguel San\u00f3, Jorge Polanco y Nelson Cruz.<\/span><\/p>\n<p class=\"x_MsoNormal\"><span lang=\"ES\">La direcci\u00f3n de la Academia de l<\/span><span lang=\"ES\">os Mellizos\u00a0<\/span><span lang=\"ES\">expreso: \u00a0\u201cestamos comprometidos con el cambio y desarrollo de los atletas, y por ello la importancia de este programa con el que buscamos ofrecer m\u00e1s oportunidades a los jugadores, que si no logran llegar a Grandes Ligas, sean personas con una buena base educativa y de cultura, lo cual se reflejar\u00e1 en una mejor conducta y comportamiento de estos, pero sobre todo que les abre otros caminos para que puedan optar por continuar con una carrera en otra \u00e1rea\u201d.<\/span><\/p>\n<p class=\"x_MsoNormal\"><span lang=\"ES\">Indicaron que han dado la merecida importancia a este tipo de programas que ofrece CENAPEC, lo cual a su vez llena de orgullo a los prospectos y a sus familiares, no solo por escalar un pelda\u00f1o m\u00e1s, sino porque algunos de ellos hasta son reconocidos por su liderazgo y desempe\u00f1o.\u00a0<\/span><\/p>\n<p class=\"x_MsoNormal\"><span lang=\"ES\">En la ceremonia de investidura de la promoci\u00f3n de bachilleres 2017-2018, tambi\u00e9n fueron reconocidos otros j\u00f3venes jugadores que cursaron niveles desde 6to. Curso hasta 3ro. de bachillerato.<\/span><\/p>\n<p class=\"x_MsoNormal\"><span lang=\"ES\">Adem\u00e1s del director Ejecutivo de CENAPEC, quien ofreci\u00f3 las palabras centrales del acto, estuvieron presentes en el solemne acto la Directora Acad\u00e9mica de CENAPEC, Rosalba Gautreaux; Niurys Morciego, Gerente de Mercadeo y Proyectos; Mar\u00eda Fern\u00e1ndez, Coordinadora de CENAPEC &#8211; Programa Minnesota; representantes de\u00a0<\/span><span lang=\"ES\">los Mellizos Minnesota,\u00a0<\/span><span lang=\"ES\">e invitados especiales.<\/span><\/p>\n","protected":false},"excerpt":{"rendered":"<p>Esta es la primera graduaci\u00f3n del programa acad\u00e9mico CENAPEC \u2013\u00a0Los Mellizos Minnesota,\u00a0la cual estuvo encabezada por Jeremy Zoll, Director de Operaciones de Ligas Menores del conjunto.<\/p>\n","protected":false},"author":16,"featured_media":47856,"comment_status":"closed","ping_status":"closed","sticky":false,"template":"","format":"standard","meta":[],"categories":[2,60],"tags":[],"acf":[],"_links":{"self":[{"href":"https:\/\/colimdo.org\/wp-api\/wp\/v2\/posts\/47855"}],"collection":[{"href":"https:\/\/colimdo.org\/wp-api\/wp\/v2\/posts"}],"about":[{"href":"https:\/\/colimdo.org\/wp-api\/wp\/v2\/types\/post"}],"author":[{"embeddable":true,"href":"https:\/\/colimdo.org\/wp-api\/wp\/v2\/users\/16"}],"replies":[{"embeddable":true,"href":"https:\/\/colimdo.org\/wp-api\/wp\/v2\/comments?post=47855"}],"version-history":[{"count":1,"href":"https:\/\/colimdo.org\/wp-api\/wp\/v2\/posts\/47855\/revisions"}],"predecessor-version":[{"id":47857,"href":"https:\/\/colimdo.org\/wp-api\/wp\/v2\/posts\/47855\/revisions\/47857"}],"wp:featuredmedia":[{"embeddable":true,"href":"https:\/\/colimdo.org\/wp-api\/wp\/v2\/media\/47856"}],"wp:attachment":[{"href":"https:\/\/colimdo.org\/wp-api\/wp\/v2\/media?parent=47855"}],"wp:term":[{"taxonomy":"category","embeddable":true,"href":"https:\/\/colimdo.org\/wp-api\/wp\/v2\/categories?post=47855"},{"taxonomy":"post_tag","embeddable":true,"href":"https:\/\/colimdo.org\/wp-api\/wp\/v2\/tags?post=47855"}],"curies":[{"name":"wp","href":"https:\/\/api.w.org\/{rel}","templated":true}]}}