{"id":47861,"date":"2019-01-31T02:47:24","date_gmt":"2019-01-31T02:47:24","guid":{"rendered":"https:\/\/colimdo.org\/?p=47861"},"modified":"2019-01-31T02:47:24","modified_gmt":"2019-01-31T02:47:24","slug":"cibao-fc-abre-campo-entrenamientos-este-viernes","status":"publish","type":"post","link":"https:\/\/colimdo.org\/noticias\/cibao-fc-abre-campo-entrenamientos-este-viernes\/","title":{"rendered":"Cibao FC abre su campo de entrenamientos este viernes"},"content":{"rendered":"<p class=\"x_MsoNormal\">SANTIAGO.- Cibao FC, monarca del f\u00fatbol profesional de Rep\u00fablica Dominicana, abrir\u00e1 su campo de entrenamientos este viernes, en su estadio de c\u00e9sped artificial situado en el campus de la Pontificia Universidad Cat\u00f3lica Madre y Maestra.<\/p>\n<p class=\"x_MsoNormal\">El onceno naranja tiene la responsabilidad de defender el t\u00edtulo de campeones conquistado el a\u00f1o pasado, en la Liga Dominicana de F\u00fatbol (LDF), que comienza el 30 de marzo con su versi\u00f3n del 2019.<\/p>\n<p class=\"x_MsoNormal\">Los entrenamientos ser\u00e1n dirigidos por el Director T\u00e9cnico. Edward Acevedo, quien llev\u00f3 el equipo a la conquista de la corona en la campa\u00f1a pasada.<\/p>\n<p class=\"x_MsoNormal\">Un grupo de cotizados t\u00e9cnicos del f\u00fatbol estar\u00e1n acompa\u00f1ando a Acevedo, entre ellos figuran, Junior Scheldeur, Carlos Carrero, Royer Parra, Anthony Jerez y Alexis Reynoso.<\/p>\n<p class=\"x_MsoNormal\">A su llegada este viernes, a la plantilla de jugadores se le har\u00e1 pruebas m\u00e9dicas y f\u00edsicas, para evaluar las condiciones en que se encuentran al momento.<\/p>\n<p class=\"x_MsoNormal\">Acevedo inform\u00f3 que los entrenamientos ser\u00e1n dos veces al d\u00eda y los fines de semanas se jugar\u00e1n varios partidos de pretemporada para ir acoplando el equipo.<\/p>\n<p class=\"x_MsoNormal\">Agreg\u00f3 que Cibao FC tiene una gran cantera de jugadores y que muchos j\u00f3venes que se han destacados en la categor\u00eda B van a recibir la oportunidad de ganarse un puesto en el onceno.<\/p>\n<p class=\"x_MsoNormal\">Los campeones firmaron recientemente a los jugadores de nacionalidad haitiana Jackinto Jean y Paulson Pierre, quienes fueron dos piezas importantes en la conquista de la corona del 2018.<\/p>\n<p class=\"x_MsoNormal\">El conjunto tambi\u00e9n contar\u00e1 con un nuevo guardameta, en el portero de la Selecci\u00f3n Nacional Miguel Lloyd, quien entra por el argentino Juan Pablo Dom\u00ednguez.<\/p>\n<p class=\"x_MsoNormal\">En el plano comercial el Cibao FC ya tiene preparada su plataforma de venta fijas y en los pr\u00f3ximos d\u00edas ofrecer\u00e1 otros detalles de su participaci\u00f3n en la quinta t emporada del futbol profesional dominicano<\/p>\n","protected":false},"excerpt":{"rendered":"<p>El onceno naranja tiene la responsabilidad de defender el t\u00edtulo de campeones conquistado el a\u00f1o pasado, en la Liga Dominicana de F\u00fatbol (LDF), que comienza el 30 de marzo con su versi\u00f3n del 2019.<\/p>\n","protected":false},"author":16,"featured_media":47862,"comment_status":"closed","ping_status":"closed","sticky":false,"template":"","format":"standard","meta":[],"categories":[3,2,60],"tags":[],"acf":[],"_links":{"self":[{"href":"https:\/\/colimdo.org\/wp-api\/wp\/v2\/posts\/47861"}],"collection":[{"href":"https:\/\/colimdo.org\/wp-api\/wp\/v2\/posts"}],"about":[{"href":"https:\/\/colimdo.org\/wp-api\/wp\/v2\/types\/post"}],"author":[{"embeddable":true,"href":"https:\/\/colimdo.org\/wp-api\/wp\/v2\/users\/16"}],"replies":[{"embeddable":true,"href":"https:\/\/colimdo.org\/wp-api\/wp\/v2\/comments?post=47861"}],"version-history":[{"count":1,"href":"https:\/\/colimdo.org\/wp-api\/wp\/v2\/posts\/47861\/revisions"}],"predecessor-version":[{"id":47863,"href":"https:\/\/colimdo.org\/wp-api\/wp\/v2\/posts\/47861\/revisions\/47863"}],"wp:featuredmedia":[{"embeddable":true,"href":"https:\/\/colimdo.org\/wp-api\/wp\/v2\/media\/47862"}],"wp:attachment":[{"href":"https:\/\/colimdo.org\/wp-api\/wp\/v2\/media?parent=47861"}],"wp:term":[{"taxonomy":"category","embeddable":true,"href":"https:\/\/colimdo.org\/wp-api\/wp\/v2\/categories?post=47861"},{"taxonomy":"post_tag","embeddable":true,"href":"https:\/\/colimdo.org\/wp-api\/wp\/v2\/tags?post=47861"}],"curies":[{"name":"wp","href":"https:\/\/api.w.org\/{rel}","templated":true}]}}