{"id":47869,"date":"2019-01-31T03:36:36","date_gmt":"2019-01-31T03:36:36","guid":{"rendered":"https:\/\/colimdo.org\/?p=47869"},"modified":"2019-01-31T03:36:36","modified_gmt":"2019-01-31T03:36:36","slug":"valdes-maya-candidatos-abrir-primer-juego-estrellas-serie-del-caribe","status":"publish","type":"post","link":"https:\/\/colimdo.org\/noticias\/valdes-maya-candidatos-abrir-primer-juego-estrellas-serie-del-caribe\/","title":{"rendered":"Vald\u00e9s y Maya candidatos a abrir primer juego de Estrellas en Serie del Caribe"},"content":{"rendered":"<p>SAN PEDRO DE MACOR\u00cdS.- Los lanzadores cubanos Ra\u00fal Vald\u00e9s y Yunesky Maya son los principales candidatos a la hora de escoger el lanzador del primer partido de las Estrellas Orientales, el representativo dominicano, en la Serie del Caribe de b\u00e9isbol que se disputar\u00e1 en Panam\u00e1 a partir del pr\u00f3ximo lunes, manifest\u00f3 el coach de las Estrellas, Manny Garc\u00eda.<\/p>\n<p>Garc\u00eda afirm\u00f3 que los dos lanzadores cubanos estar\u00e1n como abridores de las Estrellas. Lo mismo dijo sobre el dominicano Radham\u00e9s Liz y el paname\u00f1o Paolo Espino.<\/p>\n<p>El coach de lanzadores de las Estrellas ofreci\u00f3 sus declaraciones este mi\u00e9rcoles, cerca del mediod\u00eda, despu\u00e9s de las primeras pr\u00e1cticas de los Orientales, como preparaci\u00f3n para su participaci\u00f3n en el cl\u00e1sico, el cual est\u00e1 programado para disputarse del 4 al 10 de febrero, en el Estadio Rod Carew, de ciudad Panam\u00e1.<\/p>\n<p>Las Estrellas Orientales, equipo campe\u00f3n de la Rep\u00fablica Dominicana estar\u00e1 en el Grupo B del evento junto a los\u00a0Cangrejeros de Santurce (Puerto Rico) y Toros de Herrera (Panam\u00e1), mientras los Le\u00f1adores de Las Tunas (Cuba), Cardenales de Lara (Venezuela) y Charros de Jalisco (M\u00e9xico) integran la llave A,\u00a0 seg\u00fan el sorteo realizado el mi\u00e9rcoles por la Confederaci\u00f3n de B\u00e9isbol Profesional del Caribe.<\/p>\n<p>Los equipos se enfrentar\u00e1n dos veces a sus rivales de grupo en una primera fase. Los dos que resulten como l\u00edderes de grupo se medir\u00e1n en un partido decisivo, para definir el campe\u00f3n de la justa.<\/p>\n<article id=\"post-5460\" class=\"post-5460 post type-post status-publish format-standard has-post-thumbnail hentry category-uncategorized\">\n<div class=\"single-entry\">\n<div class=\"entry-content\">\n<p><strong>Mej\u00eda y Valdez ser\u00e1n relevistas<\/strong><\/p>\n<p>Garc\u00eda explic\u00f3 que los lanzadores Jenrry Mej\u00eda y C\u00e9sar Valdez ser\u00e1n relevistas intermedios de las Estrellas, en Panam\u00e1.<\/p>\n<p>Sobre Mej\u00eda explic\u00f3 que \u00e9ste firm\u00f3 recientemente un contrato de Liga Menor con el equipo de Grandes Ligas Medias Rojas de Boston, el cual solo le dio permiso a lanzar como relevista en la Serie del Caribe.<\/p>\n<p>Respecto a Valdez, observ\u00f3 que \u00e9ste puede lanzar como abridor y como relevista, igual que Mej\u00eda, pero que por el momento solo los Orientales lo tienen programado como relevista.<\/p>\n<p><strong>Yunesky Maya dispuesto<\/strong><\/p>\n<p>El lanzador Yunesky Maya afirm\u00f3 que \u00e9l est\u00e1 dispuesto a lanzar en rol que le sea asignado por el manager Fernando Tatis, ya sea como abridor o como relevista de las Estrellas, en la Serie del Caribe que comenzar\u00e1 el lunes.<\/p>\n<p>El derecho manifest\u00f3 que estar\u00e1 preparado tanto f\u00edsica, como mentalmente, para asumir el reto de lanzar en la serie y ayudar al equipo dominicano a conquistar la corona reservada para el campe\u00f3n.<\/p>\n<p>Maya consider\u00f3 que con la n\u00f3mina de lanzadores que tendr\u00e1n las Estrellas, en la llamada Peque\u00f1a Serie Mundial Latinoamericana, solo necesitar\u00e1n un buen respaldo de la ofensiva para llevarse el cetro de campeones, el cual ser\u00eda el n\u00famero 20 para un equipo dominicano, en el festival de monarcas de la regi\u00f3n caribe\u00f1a.<\/p>\n<p>Maya fue una pieza clave en el engranaje que le dio el t\u00edtulo de campe\u00f3n dominicano al equipo Estrellas Orientales, despu\u00e9s que fue reclutado en el sorteo de jugadores de equipos eliminados para la postemporada.En la Serie Regular, Maya (2-1) lanz\u00f3 con las \u00c1guilas Cibae\u00f1as en 10 juegos, uno de ellos como relevista. Con las Estrellas, en el Round Robin tuvo record de 0-0, en 4 juegos, uno como relevista, con 1.19 como promedio de carreras limpias (PCL). En la Serie Final, frente a Toros del Este, su record fue 2-0, con 0.90 de PCL, al permitir solo una carrera, en las 10 entradas que sum\u00f3 en sus dos aperturas.<\/p>\n<\/div>\n<\/div>\n<\/article>\n","protected":false},"excerpt":{"rendered":"<p>Los lanzadores cubanos Ra\u00fal Vald\u00e9s y Yunesky Maya son los principales candidatos a la hora de escoger el lanzador del primer partido de las Estrellas Orientales, el representativo dominicano, en la Serie del Caribe de b\u00e9isbol que se disputar\u00e1 en Panam\u00e1 a partir del pr\u00f3ximo lunes, manifest\u00f3 el coach de las Estrellas, Manny Garc\u00eda.<\/p>\n","protected":false},"author":16,"featured_media":47870,"comment_status":"closed","ping_status":"closed","sticky":false,"template":"","format":"standard","meta":[],"categories":[2,60],"tags":[],"acf":[],"_links":{"self":[{"href":"https:\/\/colimdo.org\/wp-api\/wp\/v2\/posts\/47869"}],"collection":[{"href":"https:\/\/colimdo.org\/wp-api\/wp\/v2\/posts"}],"about":[{"href":"https:\/\/colimdo.org\/wp-api\/wp\/v2\/types\/post"}],"author":[{"embeddable":true,"href":"https:\/\/colimdo.org\/wp-api\/wp\/v2\/users\/16"}],"replies":[{"embeddable":true,"href":"https:\/\/colimdo.org\/wp-api\/wp\/v2\/comments?post=47869"}],"version-history":[{"count":1,"href":"https:\/\/colimdo.org\/wp-api\/wp\/v2\/posts\/47869\/revisions"}],"predecessor-version":[{"id":47871,"href":"https:\/\/colimdo.org\/wp-api\/wp\/v2\/posts\/47869\/revisions\/47871"}],"wp:featuredmedia":[{"embeddable":true,"href":"https:\/\/colimdo.org\/wp-api\/wp\/v2\/media\/47870"}],"wp:attachment":[{"href":"https:\/\/colimdo.org\/wp-api\/wp\/v2\/media?parent=47869"}],"wp:term":[{"taxonomy":"category","embeddable":true,"href":"https:\/\/colimdo.org\/wp-api\/wp\/v2\/categories?post=47869"},{"taxonomy":"post_tag","embeddable":true,"href":"https:\/\/colimdo.org\/wp-api\/wp\/v2\/tags?post=47869"}],"curies":[{"name":"wp","href":"https:\/\/api.w.org\/{rel}","templated":true}]}}