{"id":47876,"date":"2019-01-31T14:57:48","date_gmt":"2019-01-31T14:57:48","guid":{"rendered":"https:\/\/colimdo.org\/?p=47876"},"modified":"2019-01-31T14:57:48","modified_gmt":"2019-01-31T14:57:48","slug":"maradona-amenazo-decir-lo-sabe-la-fifa","status":"publish","type":"post","link":"https:\/\/colimdo.org\/noticias\/maradona-amenazo-decir-lo-sabe-la-fifa\/","title":{"rendered":"Maradona amenaz\u00f3 con decir todo lo que sabe sobre la FIFA"},"content":{"rendered":"<p>EFE. El argentino\u00a0Diego Armando Maradona, entrenador de los\u00a0Dorados de Sinaloa, asegur\u00f3 que no ha cambiado nada en la FIFA respecto a la etapa de\u00a0Joseph Blatter\u00a0y amenaz\u00f3 con decir todo lo que sabe de &#8220;la FIFA nueva&#8221;.<\/p>\n<p>&#8220;Le dije a\u00a0Gianni Infantino\u00a0(presidente de FIFA) que renunciaba a ser el capit\u00e1n del equipo de leyendas porque desde que se fue\u00a0Joseph Blatter\u00a0y\u00a0Julio Grondona\u00a0no ha cambiado nada en la FIFA. A los jugadores como\u00a0Marco Van Basten, Ruud Gullit\u00a0y a m\u00ed nos ten\u00edan en una habitaci\u00f3n como perritos, una falta de respeto total. Ahora s\u00ed voy a empezar a decir las cosas que s\u00e9 de la FIFA nueva&#8221;, apunt\u00f3 despu\u00e9s de la\u00a0derrota de su equipo contra el Zacatepec,\u00a0en el partido de Copa disputado el mi\u00e9rcoles.<\/p>\n<p>Maradona lanz\u00f3 una advertencia al croata\u00a0Zvonimir Boban, Secretario General Adjunto de la FIFA, por un supuesto malentendido que tuvieron meses atr\u00e1s al encontrarse en el hotel donde hospedaban a jugadores leyendas del f\u00fatbol.<\/p>\n<p>&#8220;Le quiero decir a Boban, que es parte de la FIFA y acepta estas cosas, que si se quiere hacer el &#8216;guapo&#8217; vamos a un cuadril\u00e1tero. Que no se haga el enojado. Lo peor es que es mandado por Infantino. No soy un chico de 20 a\u00f1os, tengo 58 y me duelen estas cosas, porque cre\u00eda en la gente, ahora ya no conf\u00edo m\u00e1s&#8221;, agreg\u00f3.<\/p>\n<p>En torno al partido de Copa perdido este mi\u00e9rcoles 1-0 ante el\u00a0Zacatepec, Maradona denunci\u00f3 que fue agredido desde las tribunas con botellas de vidrio y espera que la Liga mexicana castigue estos hechos.<\/p>\n<p>&#8220;Me aventaron una botella que pas\u00f3 cerca de mi hombro. No puedo creer que un energ\u00fameno pueda agarrar una botella, tirarla a la cabeza e irse sin castigo. Esto va m\u00e1s all\u00e1 del f\u00fatbol, el tipo ese me odia o se pele\u00f3 con la esposa antes de venir a la cancha cualquiera de las dos. Hago un llamado a las autoridades para no sufrir otro incidente como este&#8221;, se\u00f1al\u00f3.<\/p>\n<p>El equipo de Maradona perdi\u00f3 en la cancha del Zacatepec, en el\u00a0Estado de Morelos, centro de M\u00e9xico a lo que el estratega argentino aludi\u00f3 no haber ordenado una posici\u00f3n defensiva para no perder.<\/p>\n<p>&#8220;No venimos a defender en ning\u00fan momento, jugu\u00e9 un 4-4-2 que estuvo claro. Pude haber puesto una l\u00ednea de cinco defensores si quer\u00eda, pero no es mi estilo de juego. Nunca voy a una cancha a defenderme porque el f\u00fatbol es uno y no cambia&#8221;, concluy\u00f3.<\/p>\n","protected":false},"excerpt":{"rendered":"<p>Maradona lanz\u00f3 una advertencia al croata\u00a0Zvonimir Boban, Secretario General Adjunto de la FIFA, por un supuesto malentendido que tuvieron meses atr\u00e1s al encontrarse en el hotel donde hospedaban a jugadores leyendas del f\u00fatbol.<\/p>\n","protected":false},"author":16,"featured_media":47880,"comment_status":"closed","ping_status":"closed","sticky":false,"template":"","format":"standard","meta":[],"categories":[2,60],"tags":[],"acf":[],"_links":{"self":[{"href":"https:\/\/colimdo.org\/wp-api\/wp\/v2\/posts\/47876"}],"collection":[{"href":"https:\/\/colimdo.org\/wp-api\/wp\/v2\/posts"}],"about":[{"href":"https:\/\/colimdo.org\/wp-api\/wp\/v2\/types\/post"}],"author":[{"embeddable":true,"href":"https:\/\/colimdo.org\/wp-api\/wp\/v2\/users\/16"}],"replies":[{"embeddable":true,"href":"https:\/\/colimdo.org\/wp-api\/wp\/v2\/comments?post=47876"}],"version-history":[{"count":1,"href":"https:\/\/colimdo.org\/wp-api\/wp\/v2\/posts\/47876\/revisions"}],"predecessor-version":[{"id":47882,"href":"https:\/\/colimdo.org\/wp-api\/wp\/v2\/posts\/47876\/revisions\/47882"}],"wp:featuredmedia":[{"embeddable":true,"href":"https:\/\/colimdo.org\/wp-api\/wp\/v2\/media\/47880"}],"wp:attachment":[{"href":"https:\/\/colimdo.org\/wp-api\/wp\/v2\/media?parent=47876"}],"wp:term":[{"taxonomy":"category","embeddable":true,"href":"https:\/\/colimdo.org\/wp-api\/wp\/v2\/categories?post=47876"},{"taxonomy":"post_tag","embeddable":true,"href":"https:\/\/colimdo.org\/wp-api\/wp\/v2\/tags?post=47876"}],"curies":[{"name":"wp","href":"https:\/\/api.w.org\/{rel}","templated":true}]}}