{"id":47900,"date":"2019-01-31T19:30:40","date_gmt":"2019-01-31T19:30:40","guid":{"rendered":"https:\/\/colimdo.org\/?p=47900"},"modified":"2019-01-31T19:30:40","modified_gmt":"2019-01-31T19:30:40","slug":"nueva-directiva-fenapepro-toma-posesion-anuncia-planes","status":"publish","type":"post","link":"https:\/\/colimdo.org\/noticias\/nueva-directiva-fenapepro-toma-posesion-anuncia-planes\/","title":{"rendered":"Nueva directiva de FENAPEPRO toma posesi\u00f3n y anuncia planes"},"content":{"rendered":"<p style=\"font-weight: 400;\">La nueva directiva de la Federaci\u00f3n Nacional de Peloteros Profesionales (FENAPEPRO) tom\u00f3 posesi\u00f3n este mi\u00e9rcoles en el transcurso de un acto celebrado en la Casa Museo del Pelotero Profesional Dominicano.<\/p>\n<p style=\"font-weight: 400;\">La actividad fue encabezada por el presidente de la entidad, Erick Almonte, quien estuvo acompa\u00f1ado en la mesa principal de los directivos, Julio Lugo, vicepresidente; Esteban Germ\u00e1n, secretario y Quilvio Veras, tesorero.<\/p>\n<p style=\"font-weight: 400;\">Tambi\u00e9n integran el nuevo comit\u00e9 ejecutivo de la Federaci\u00f3n, los vocales D\u2019Angelo Jim\u00e9nez, Robinson Can\u00f3 y Nelson Cruz, quienes no pudieron asistir al acto.<\/p>\n<p style=\"font-weight: 400;\">Al presentarse oficialmente ante a la prensa como nuevo presidente de la FENAPEPO, Almonte agradeci\u00f3 la confianza que los peloteros han depositado en \u00e9l y en los dem\u00e1s miembros de la directiva y elogi\u00f3 la labor realizada por la m\u00e1s de 25 a\u00f1os por Mario Soto, su antecesor en el cargo y su grupo, de quienes dijo que \u201chicieron grandes aportes y trabajaron arduamente para que se reconociera el valor del pelotero dominicano\u201d.<\/p>\n<p style=\"font-weight: 400;\">Tambi\u00e9n destac\u00f3 la creaci\u00f3n de la Casa Museo, se\u00f1alando que \u201ces una obra extraordinaria en que se resalta a las grandes figuras de nuestro b\u00e9isbol\u201d.<\/p>\n<p style=\"font-weight: 400;\">Dentro de los planes que pretenden ejecutar los nuevos incumbentes de la FENAPEPO, Almonte mencion\u00f3 la creaci\u00f3n del Sal\u00f3n de la Fama del Pelotero Dominicano y la celebraci\u00f3n nuevamente del Juegos de Estrellas.<\/p>\n<p style=\"font-weight: 400;\">\u201cEl Pabell\u00f3n de la Fama del Deporte Dominicano es una gran instituci\u00f3n, pero con el Sal\u00f3n de la Fama del Pelotero Dominicano vamos a reconocer la carrera y haza\u00f1as de muchos jugadores que no se destacaron en las Grandes Ligas, pero en la pelota local fueron estrellas\u201d, apunt\u00f3.<\/p>\n<p style=\"font-weight: 400;\">Revel\u00f3 que \u201cvamos a rescatar el Juego de Estrellas, que ser\u00e1 parte de un Festival de Estrellas que celebraremos en el fin de semana se\u00f1alado en el calendario del torneo para esos fines y tambi\u00e9n comprender\u00e1 un partido de celebridades, para disfrutes de los propios peloteros y el p\u00fablico\u201d.<\/p>\n<p style=\"font-weight: 400;\">\u201cIgualmente queremos celebrar una Gala del Pelotero Dominicano para reconocer la labor en cada temporada de nuestros jugadores en el torneo local\u201d, abund\u00f3<\/p>\n<p style=\"font-weight: 400;\">Expuso que \u201cson muchas las cosas que tenemos en carpeta en favor de los peloteros dominicanos y poco a poco las daremos a conocer\u201d.<\/p>\n<p style=\"font-weight: 400;\">Julio Lugo tambi\u00e9n tuvo palabras de agradecimiento por el respaldo \u00a0recibido de los peloteros y dijo que har\u00e1n su mejor esfuerzo por seguir dando el valor y el sitial que se merecen los jugadores dominicanos.<\/p>\n<p style=\"font-weight: 400;\">Por su parte, Quilvio Veras se\u00f1al\u00f3 que es un gran orgullo haber sido electo en la directiva y que \u201ccomo nos debemos a los peloteros, vamos a hacer un censo de los jugadores para proveerlos de un carn\u00e9 y cuando sepamos quienes son los miembros de la Federaci\u00f3n, pondremos en marcha obras sociales y programas para beneficiar a quienes lo necesiten\u201d.<\/p>\n<p style=\"font-weight: 400;\">Esteban Germ\u00e1n expres\u00f3 que \u201ctenemos un compromiso de ayudar a los peloteros y lo haremos, pues para eso fuimos elegidos\u201d.<\/p>\n<p style=\"font-weight: 400;\">Indic\u00f3 que \u201csobre la Casa Museo, haremos actividades para que los fan\u00e1ticos visiten el local y puedan conocer a los jugadores dominicanos y sus haza\u00f1as\u201d.<\/p>\n<p style=\"font-weight: 400;\">Al acto asistieron destacados exjugadores como Jos\u00e9 Rijo, Francisco Cordero, Odalis P\u00e9rez, Miguel Batista y Yorquis P\u00e9rez, adem\u00e1s de personalidades como Ellis P\u00e9rez, pionero de las transmisiones del b\u00e9isbol de las Grandes Ligas en el pa\u00eds, quienes manifestaron su apoyo a la nueva directiva.<\/p>\n","protected":false},"excerpt":{"rendered":"<p>La nueva directiva de la Federaci\u00f3n Nacional de Peloteros Profesionales (FENAPEPRO) tom\u00f3 posesi\u00f3n este mi\u00e9rcoles en el transcurso de un acto celebrado en la Casa Museo del Pelotero Profesional Dominicano. La actividad fue encabezada por el presidente de la entidad, Erick Almonte, quien estuvo acompa\u00f1ado en la mesa principal de los directivos, Julio Lugo, vicepresidente; [&hellip;]<\/p>\n","protected":false},"author":9,"featured_media":47901,"comment_status":"closed","ping_status":"closed","sticky":false,"template":"","format":"standard","meta":[],"categories":[2,60],"tags":[],"acf":[],"_links":{"self":[{"href":"https:\/\/colimdo.org\/wp-api\/wp\/v2\/posts\/47900"}],"collection":[{"href":"https:\/\/colimdo.org\/wp-api\/wp\/v2\/posts"}],"about":[{"href":"https:\/\/colimdo.org\/wp-api\/wp\/v2\/types\/post"}],"author":[{"embeddable":true,"href":"https:\/\/colimdo.org\/wp-api\/wp\/v2\/users\/9"}],"replies":[{"embeddable":true,"href":"https:\/\/colimdo.org\/wp-api\/wp\/v2\/comments?post=47900"}],"version-history":[{"count":1,"href":"https:\/\/colimdo.org\/wp-api\/wp\/v2\/posts\/47900\/revisions"}],"predecessor-version":[{"id":47902,"href":"https:\/\/colimdo.org\/wp-api\/wp\/v2\/posts\/47900\/revisions\/47902"}],"wp:featuredmedia":[{"embeddable":true,"href":"https:\/\/colimdo.org\/wp-api\/wp\/v2\/media\/47901"}],"wp:attachment":[{"href":"https:\/\/colimdo.org\/wp-api\/wp\/v2\/media?parent=47900"}],"wp:term":[{"taxonomy":"category","embeddable":true,"href":"https:\/\/colimdo.org\/wp-api\/wp\/v2\/categories?post=47900"},{"taxonomy":"post_tag","embeddable":true,"href":"https:\/\/colimdo.org\/wp-api\/wp\/v2\/tags?post=47900"}],"curies":[{"name":"wp","href":"https:\/\/api.w.org\/{rel}","templated":true}]}}